{"id":35317,"date":"2018-07-18T12:56:11","date_gmt":"2018-07-18T10:56:11","guid":{"rendered":"http:\/\/blog.coaster.de\/wp\/?p=35317"},"modified":"2018-07-18T12:56:11","modified_gmt":"2018-07-18T10:56:11","slug":"artgerecht-fuettern","status":"publish","type":"post","link":"https:\/\/www.gruen-wald.de\/wordpress\/notiz\/artgerecht-fuettern\/","title":{"rendered":"Artgerecht f\u00fcttern"},"content":{"rendered":"<p>Ich wusste gar nicht, dass die Abk\u00fcrzung hier zum F\u00fcttern die &#8222;nat\u00fcrliche&#8220; ist (gesichtet in Kufstein)&#8230; \ud83d\ude09<\/p>\n<p><a href=\"http:\/\/blog.coaster.de\/wp\/wp-content\/uploads\/2018\/07\/artgerechtfuettern.jpg\"><img loading=\"lazy\" decoding=\"async\" class=\"aligncenter size-full wp-image-35318\" src=\"http:\/\/blog.coaster.de\/wp\/wp-content\/uploads\/2018\/07\/artgerechtfuettern.jpg\" alt=\"\" width=\"560\" height=\"937\" \/><\/a><\/p>\n","protected":false},"excerpt":{"rendered":"<p>Ich wusste gar nicht, dass die Abk\u00fcrzung hier zum F\u00fcttern die &#8222;nat\u00fcrliche&#8220; ist (gesichtet in Kufstein)&#8230; \ud83d\ude09<\/p>\n","protected":false},"author":1,"featured_media":0,"comment_status":"open","ping_status":"open","sticky":false,"template":"","format":"standard","meta":{"footnotes":"","_links_to":"","_links_to_target":""},"categories":[13],"tags":[],"class_list":["post-35317","post","type-post","status-publish","format-standard","hentry","category-notiz"],"_links":{"self":[{"href":"https:\/\/www.gruen-wald.de\/wordpress\/wp-json\/wp\/v2\/posts\/35317","targetHints":{"allow":["GET"]}}],"collection":[{"href":"https:\/\/www.gruen-wald.de\/wordpress\/wp-json\/wp\/v2\/posts"}],"about":[{"href":"https:\/\/www.gruen-wald.de\/wordpress\/wp-json\/wp\/v2\/types\/post"}],"author":[{"embeddable":true,"href":"https:\/\/www.gruen-wald.de\/wordpress\/wp-json\/wp\/v2\/users\/1"}],"replies":[{"embeddable":true,"href":"https:\/\/www.gruen-wald.de\/wordpress\/wp-json\/wp\/v2\/comments?post=35317"}],"version-history":[{"count":0,"href":"https:\/\/www.gruen-wald.de\/wordpress\/wp-json\/wp\/v2\/posts\/35317\/revisions"}],"wp:attachment":[{"href":"https:\/\/www.gruen-wald.de\/wordpress\/wp-json\/wp\/v2\/media?parent=35317"}],"wp:term":[{"taxonomy":"category","embeddable":true,"href":"https:\/\/www.gruen-wald.de\/wordpress\/wp-json\/wp\/v2\/categories?post=35317"},{"taxonomy":"post_tag","embeddable":true,"href":"https:\/\/www.gruen-wald.de\/wordpress\/wp-json\/wp\/v2\/tags?post=35317"}],"curies":[{"name":"wp","href":"https:\/\/api.w.org\/{rel}","templated":true}]}}