{"id":35286,"date":"2018-07-07T00:01:08","date_gmt":"2018-07-06T22:01:08","guid":{"rendered":"http:\/\/blog.coaster.de\/wp\/?p=35286"},"modified":"2018-07-07T00:01:08","modified_gmt":"2018-07-06T22:01:08","slug":"eurosat-umbau-reportage","status":"publish","type":"post","link":"https:\/\/www.gruen-wald.de\/wordpress\/erlebniswelten\/eurosat-umbau-reportage\/","title":{"rendered":"EuroSat Umbau Reportage"},"content":{"rendered":"<p>Der Europa-Park h\u00e4lt sich bez\u00fcglich des EuroSat Neubaus relativ bedeckt. In der Reihe<em> follow.me reports<\/em> wurde jetzt eine Episode ver\u00f6ffentlicht, in der man vergleichsweise viel aus dem Kugelinneren sieht. Hier der <a href=\"https:\/\/youtu.be\/m8dk85AeMK0\">Link auf Youtube&#8230;<\/a><\/p>\n<p style=\"text-align: center;\"><iframe loading=\"lazy\" width=\"560\" height=\"315\" src=\"https:\/\/www.youtube.com\/embed\/m8dk85AeMK0\" frameborder=\"0\" allow=\"autoplay; encrypted-media\" allowfullscreen><\/iframe><\/p>\n","protected":false},"excerpt":{"rendered":"<p>Der Europa-Park h\u00e4lt sich bez\u00fcglich des EuroSat Neubaus relativ bedeckt. In der Reihe follow.me reports wurde jetzt eine Episode ver\u00f6ffentlicht,&hellip;<\/p>\n","protected":false},"author":1,"featured_media":0,"comment_status":"open","ping_status":"open","sticky":false,"template":"","format":"standard","meta":{"footnotes":"","_links_to":"","_links_to_target":""},"categories":[5],"tags":[],"class_list":["post-35286","post","type-post","status-publish","format-standard","hentry","category-erlebniswelten"],"_links":{"self":[{"href":"https:\/\/www.gruen-wald.de\/wordpress\/wp-json\/wp\/v2\/posts\/35286"}],"collection":[{"href":"https:\/\/www.gruen-wald.de\/wordpress\/wp-json\/wp\/v2\/posts"}],"about":[{"href":"https:\/\/www.gruen-wald.de\/wordpress\/wp-json\/wp\/v2\/types\/post"}],"author":[{"embeddable":true,"href":"https:\/\/www.gruen-wald.de\/wordpress\/wp-json\/wp\/v2\/users\/1"}],"replies":[{"embeddable":true,"href":"https:\/\/www.gruen-wald.de\/wordpress\/wp-json\/wp\/v2\/comments?post=35286"}],"version-history":[{"count":0,"href":"https:\/\/www.gruen-wald.de\/wordpress\/wp-json\/wp\/v2\/posts\/35286\/revisions"}],"wp:attachment":[{"href":"https:\/\/www.gruen-wald.de\/wordpress\/wp-json\/wp\/v2\/media?parent=35286"}],"wp:term":[{"taxonomy":"category","embeddable":true,"href":"https:\/\/www.gruen-wald.de\/wordpress\/wp-json\/wp\/v2\/categories?post=35286"},{"taxonomy":"post_tag","embeddable":true,"href":"https:\/\/www.gruen-wald.de\/wordpress\/wp-json\/wp\/v2\/tags?post=35286"}],"curies":[{"name":"wp","href":"https:\/\/api.w.org\/{rel}","templated":true}]}}