{"id":35229,"date":"2018-06-18T13:20:09","date_gmt":"2018-06-18T11:20:09","guid":{"rendered":"http:\/\/blog.coaster.de\/wp\/?p=35229"},"modified":"2018-06-18T13:20:09","modified_gmt":"2018-06-18T11:20:09","slug":"the-producer-who-killed-don-quixote","status":"publish","type":"post","link":"https:\/\/www.gruen-wald.de\/wordpress\/film-kultur\/the-producer-who-killed-don-quixote\/","title":{"rendered":"The Producer Who Killed Don Quixote"},"content":{"rendered":"<p><img loading=\"lazy\" decoding=\"async\" class=\"size-full alignright\" src=\"http:\/\/blog.coaster.de\/wp\/wp-content\/uploads\/2014\/03\/zwischenablagess6.jpg\" width=\"126\" height=\"75\" \/>Eigentlich dachten wir alle, Terry Gilliam hat bei <a href=\"https:\/\/en.wikipedia.org\/wiki\/The_Man_Who_Killed_Don_Quixote\">Don Quixote<\/a> hat jetzt endlich den Kampf gegen die Windm\u00fchlen gewonnen. Sieht leider nicht so aus. Heute habe ich Stunden starrend auf der Webseite des Filmfest M\u00fcnchens verbracht, um endlich Tickets f\u00fcr die Deutschlandpremiere unter Terry Gilliams Anwesenheit zu schie\u00dfen. Pustekuchen! Ein <a href=\"http:\/\/www.robots-and-dragons.de\/news\/117425-the-man-who-killed-don-quixote-terry-gilliam-verliert-rechte-muss-strafe-zahlen\">neuer Rechtsstreit<\/a> durch den Produzenten Paulo Branco hat das Filmfest erst mal zur\u00fcckrudern lassen. Aufgegeben ist die Sache aber nicht. Cannes hatte sich schon \u00fcber die laufende Klage hinweg gesetzt, ich hoffe in M\u00fcnchen gelingt \u00e4hnliches:<\/p>\n<p><center><\/p>\n<blockquote class=\"twitter-tweet\" data-conversation=\"none\" data-lang=\"de\">\n<p dir=\"ltr\" lang=\"de\">Wir versuchen den Film zu zeigen, die unklare rechtelage wird gerade gepr\u00fcft!<\/p>\n<p>\u2014 Filmfest M\u00fcnchen (@filmfestmunich) <a href=\"https:\/\/twitter.com\/filmfestmunich\/status\/1008660932346761217?ref_src=twsrc%5Etfw\">18. Juni 2018<\/a><\/p><\/blockquote>\n<p><script async src=\"https:\/\/platform.twitter.com\/widgets.js\" charset=\"utf-8\"><\/script><\/center><\/p>\n","protected":false},"excerpt":{"rendered":"<p>Eigentlich dachten wir alle, Terry Gilliam hat bei Don Quixote hat jetzt endlich den Kampf gegen die Windm\u00fchlen gewonnen. Sieht&hellip;<\/p>\n","protected":false},"author":1,"featured_media":0,"comment_status":"open","ping_status":"open","sticky":false,"template":"","format":"standard","meta":{"footnotes":"","_links_to":"","_links_to_target":""},"categories":[7],"tags":[],"class_list":["post-35229","post","type-post","status-publish","format-standard","hentry","category-film-kultur"],"_links":{"self":[{"href":"https:\/\/www.gruen-wald.de\/wordpress\/wp-json\/wp\/v2\/posts\/35229"}],"collection":[{"href":"https:\/\/www.gruen-wald.de\/wordpress\/wp-json\/wp\/v2\/posts"}],"about":[{"href":"https:\/\/www.gruen-wald.de\/wordpress\/wp-json\/wp\/v2\/types\/post"}],"author":[{"embeddable":true,"href":"https:\/\/www.gruen-wald.de\/wordpress\/wp-json\/wp\/v2\/users\/1"}],"replies":[{"embeddable":true,"href":"https:\/\/www.gruen-wald.de\/wordpress\/wp-json\/wp\/v2\/comments?post=35229"}],"version-history":[{"count":0,"href":"https:\/\/www.gruen-wald.de\/wordpress\/wp-json\/wp\/v2\/posts\/35229\/revisions"}],"wp:attachment":[{"href":"https:\/\/www.gruen-wald.de\/wordpress\/wp-json\/wp\/v2\/media?parent=35229"}],"wp:term":[{"taxonomy":"category","embeddable":true,"href":"https:\/\/www.gruen-wald.de\/wordpress\/wp-json\/wp\/v2\/categories?post=35229"},{"taxonomy":"post_tag","embeddable":true,"href":"https:\/\/www.gruen-wald.de\/wordpress\/wp-json\/wp\/v2\/tags?post=35229"}],"curies":[{"name":"wp","href":"https:\/\/api.w.org\/{rel}","templated":true}]}}