{"id":35222,"date":"2018-06-16T23:57:14","date_gmt":"2018-06-16T21:57:14","guid":{"rendered":"http:\/\/blog.coaster.de\/wp\/?p=35222"},"modified":"2018-06-16T23:57:14","modified_gmt":"2018-06-16T21:57:14","slug":"bnd-spioniert-in-oesterreich","status":"publish","type":"post","link":"https:\/\/www.gruen-wald.de\/wordpress\/gesellschaft\/bnd-spioniert-in-oesterreich\/","title":{"rendered":"BND spioniert in \u00d6sterreich"},"content":{"rendered":"<p>Versteht so langsam mal der letzte Depp, dass Geheimdienste uns nicht mehr sondern weniger Sicherheit bringen und mittelfristig mit ihrem Vorgehen sogar den gesamten Frieden in Europa gef\u00e4hrden? Ordentliche Steilvorlage f\u00fcr die \u00f6sterreichische Regierung hat der BND da scheinbar geliefert:<\/p>\n<p>Zum Artikel: <a href=\"http:\/\/www.faz.net\/aktuell\/politik\/bnd-spionage-wien-fordert-umfassende-aufklaerung-von-berlin-15643479.html\">Wien fordert umfassende Aufkl\u00e4rung von Berlin<\/a><\/p>\n<p style=\"text-align: center;\"><a href=\"http:\/\/blog.coaster.de\/wp\/wp-content\/uploads\/2014\/07\/BND.jpg\" rel=\"shadowbox[sbpost-29219];player=img;\"><img loading=\"lazy\" decoding=\"async\" class=\"aligncenter size-full wp-image-29220\" title=\"BND\" src=\"http:\/\/blog.coaster.de\/wp\/wp-content\/uploads\/2014\/07\/BND.jpg\" alt=\"\" width=\"560\" height=\"276\" srcset=\"https:\/\/www.gruen-wald.de\/wordpress\/wp-content\/uploads\/2014\/07\/BND.jpg 560w, https:\/\/www.gruen-wald.de\/wordpress\/wp-content\/uploads\/2014\/07\/BND-300x148.jpg 300w\" sizes=\"(max-width: 560px) 100vw, 560px\" \/><\/a><em>(Symbolbild)<\/em><\/p>\n","protected":false},"excerpt":{"rendered":"<p>Versteht so langsam mal der letzte Depp, dass Geheimdienste uns nicht mehr sondern weniger Sicherheit bringen und mittelfristig mit ihrem&hellip;<\/p>\n","protected":false},"author":1,"featured_media":0,"comment_status":"open","ping_status":"open","sticky":false,"template":"","format":"standard","meta":{"footnotes":"","_links_to":"","_links_to_target":""},"categories":[10],"tags":[],"class_list":["post-35222","post","type-post","status-publish","format-standard","hentry","category-gesellschaft"],"_links":{"self":[{"href":"https:\/\/www.gruen-wald.de\/wordpress\/wp-json\/wp\/v2\/posts\/35222"}],"collection":[{"href":"https:\/\/www.gruen-wald.de\/wordpress\/wp-json\/wp\/v2\/posts"}],"about":[{"href":"https:\/\/www.gruen-wald.de\/wordpress\/wp-json\/wp\/v2\/types\/post"}],"author":[{"embeddable":true,"href":"https:\/\/www.gruen-wald.de\/wordpress\/wp-json\/wp\/v2\/users\/1"}],"replies":[{"embeddable":true,"href":"https:\/\/www.gruen-wald.de\/wordpress\/wp-json\/wp\/v2\/comments?post=35222"}],"version-history":[{"count":0,"href":"https:\/\/www.gruen-wald.de\/wordpress\/wp-json\/wp\/v2\/posts\/35222\/revisions"}],"wp:attachment":[{"href":"https:\/\/www.gruen-wald.de\/wordpress\/wp-json\/wp\/v2\/media?parent=35222"}],"wp:term":[{"taxonomy":"category","embeddable":true,"href":"https:\/\/www.gruen-wald.de\/wordpress\/wp-json\/wp\/v2\/categories?post=35222"},{"taxonomy":"post_tag","embeddable":true,"href":"https:\/\/www.gruen-wald.de\/wordpress\/wp-json\/wp\/v2\/tags?post=35222"}],"curies":[{"name":"wp","href":"https:\/\/api.w.org\/{rel}","templated":true}]}}