{"id":35188,"date":"2018-06-06T17:48:37","date_gmt":"2018-06-06T15:48:37","guid":{"rendered":"http:\/\/blog.coaster.de\/wp\/?p=35188"},"modified":"2018-06-06T17:48:37","modified_gmt":"2018-06-06T15:48:37","slug":"dlf-nicht-abgerufene-foerdergelder","status":"publish","type":"post","link":"https:\/\/www.gruen-wald.de\/wordpress\/gesellschaft\/dlf-nicht-abgerufene-foerdergelder\/","title":{"rendered":"DLF: Nicht abgerufene F\u00f6rdergelder"},"content":{"rendered":"<p><img loading=\"lazy\" decoding=\"async\" class=\"alignright\" src=\"http:\/\/blog.coaster.de\/wp\/wp-content\/uploads\/2016\/07\/c175.png\" alt=\"\" width=\"103\" height=\"103\" \/>Eine ganz interessante Kurzreportage des Deutschlandfunks \u00fcber F\u00f6rdergelder, die von den Kommunen nicht oder nur z\u00f6gerlich abgerufen werden. Gr\u00fcnde daf\u00fcr gibt es einige. So werden aus gro\u00dfen Versprechungen, z.B. l\u00e4ndliche Regionen zu unterst\u00fctzten, am Ende dann nur Luftnummern. <a href=\"http:\/\/ondemand-mp3.dradio.de\/file\/dradio\/2018\/05\/29\/foerderprogramme_fuer_kommunen_wenn_das_geld_erstmal_dlf_20180529_1840_2c74c227.mp3\">Hier geht&#8217;s zum Beitrag<\/a>.<\/p>\n","protected":false},"excerpt":{"rendered":"<p>Eine ganz interessante Kurzreportage des Deutschlandfunks \u00fcber F\u00f6rdergelder, die von den Kommunen nicht oder nur z\u00f6gerlich abgerufen werden. Gr\u00fcnde daf\u00fcr&hellip;<\/p>\n","protected":false},"author":1,"featured_media":0,"comment_status":"open","ping_status":"open","sticky":false,"template":"","format":"standard","meta":{"footnotes":"","_links_to":"","_links_to_target":""},"categories":[10,12],"tags":[],"class_list":["post-35188","post","type-post","status-publish","format-standard","hentry","category-gesellschaft","category-medien"],"_links":{"self":[{"href":"https:\/\/www.gruen-wald.de\/wordpress\/wp-json\/wp\/v2\/posts\/35188","targetHints":{"allow":["GET"]}}],"collection":[{"href":"https:\/\/www.gruen-wald.de\/wordpress\/wp-json\/wp\/v2\/posts"}],"about":[{"href":"https:\/\/www.gruen-wald.de\/wordpress\/wp-json\/wp\/v2\/types\/post"}],"author":[{"embeddable":true,"href":"https:\/\/www.gruen-wald.de\/wordpress\/wp-json\/wp\/v2\/users\/1"}],"replies":[{"embeddable":true,"href":"https:\/\/www.gruen-wald.de\/wordpress\/wp-json\/wp\/v2\/comments?post=35188"}],"version-history":[{"count":0,"href":"https:\/\/www.gruen-wald.de\/wordpress\/wp-json\/wp\/v2\/posts\/35188\/revisions"}],"wp:attachment":[{"href":"https:\/\/www.gruen-wald.de\/wordpress\/wp-json\/wp\/v2\/media?parent=35188"}],"wp:term":[{"taxonomy":"category","embeddable":true,"href":"https:\/\/www.gruen-wald.de\/wordpress\/wp-json\/wp\/v2\/categories?post=35188"},{"taxonomy":"post_tag","embeddable":true,"href":"https:\/\/www.gruen-wald.de\/wordpress\/wp-json\/wp\/v2\/tags?post=35188"}],"curies":[{"name":"wp","href":"https:\/\/api.w.org\/{rel}","templated":true}]}}