{"id":35186,"date":"2018-06-05T16:00:43","date_gmt":"2018-06-05T14:00:43","guid":{"rendered":"http:\/\/blog.coaster.de\/wp\/?p=35186"},"modified":"2018-06-05T16:00:43","modified_gmt":"2018-06-05T14:00:43","slug":"kurzmeinung-brand-im-europa-park-seine-reaktionen","status":"publish","type":"post","link":"https:\/\/www.gruen-wald.de\/wordpress\/erlebniswelten\/kurzmeinung-brand-im-europa-park-seine-reaktionen\/","title":{"rendered":"Kurzmeinung: Brand im Europa Park &#038; seine Reaktionen"},"content":{"rendered":"<p>Das Internet ist ja eigentlich ein ekliger Platz voller Frust, Trolle und menschlichen Abgr\u00fcnden. Wenn ich die tausenden positiven Botschaften zum Brand im Europa-Park in den sozialen Medien lese, wird mir fast schon ganz warm ums Herz. Das ist nicht selbstverst\u00e4ndlich, es h\u00e4tte auch ein riesiger Shitstorm folgen k\u00f6nnen (Sicherheitsbedenken, keine Preisreduktion trotz Angebotseinschr\u00e4nkungen usw&#8230;).<\/p>\n<p>Das zeigt zum einen, dass im Internet doch noch nicht alles verloren ist, und zum anderen, dass die sehr ehrliche Kommunikationsstrategie der Gr\u00fcnderfamilie funktioniert&#8230;<br \/>\n<center><\/p>\n<blockquote class=\"twitter-tweet\" data-lang=\"de\">\n<p lang=\"de\" dir=\"ltr\">Europa-Park Gr\u00fcnder Dr.-Ing. h.c. Roland Mack mit einer besonderen Nachricht an alle Fans und Freunde des <a href=\"https:\/\/twitter.com\/hashtag\/EuropaPark?src=hash&amp;ref_src=twsrc%5Etfw\">#EuropaPark<\/a>. <a href=\"https:\/\/t.co\/Kkm8QzeKrc\">pic.twitter.com\/Kkm8QzeKrc<\/a><\/p>\n<p>&mdash; Europa-Park (@europa_park) <a href=\"https:\/\/twitter.com\/europa_park\/status\/1002461531806797824?ref_src=twsrc%5Etfw\">1. Juni 2018<\/a><\/p><\/blockquote>\n<p><script async src=\"https:\/\/platform.twitter.com\/widgets.js\" charset=\"utf-8\"><\/script><\/p>\n<blockquote class=\"twitter-tweet\" data-lang=\"de\">\n<p lang=\"de\" dir=\"ltr\">Tolle Geste <a href=\"https:\/\/twitter.com\/MichaelMack?ref_src=twsrc%5Etfw\">@MichaelMack<\/a> <a href=\"https:\/\/twitter.com\/europa_park?ref_src=twsrc%5Etfw\">@europa_park<\/a> <a href=\"https:\/\/twitter.com\/ep_sprecher?ref_src=twsrc%5Etfw\">@ep_sprecher<\/a> ! Dass sogar in der Schweiz ein Solcher Artikel da ist. Topp. Wir danken Ihnen, dass sie dieses Fiasko, so gut meistern und nach vorne Schauen. <a href=\"https:\/\/t.co\/JuI14ln9hN\">pic.twitter.com\/JuI14ln9hN<\/a><\/p>\n<p>&mdash; Dominik (@dominik_3801) <a href=\"https:\/\/twitter.com\/dominik_3801\/status\/1002423995873026048?ref_src=twsrc%5Etfw\">1. Juni 2018<\/a><\/p><\/blockquote>\n<p><script async src=\"https:\/\/platform.twitter.com\/widgets.js\" charset=\"utf-8\"><\/script><\/center><\/p>\n","protected":false},"excerpt":{"rendered":"<p>Das Internet ist ja eigentlich ein ekliger Platz voller Frust, Trolle und menschlichen Abgr\u00fcnden. Wenn ich die tausenden positiven Botschaften&hellip;<\/p>\n","protected":false},"author":1,"featured_media":0,"comment_status":"open","ping_status":"open","sticky":false,"template":"","format":"standard","meta":{"footnotes":"","_links_to":"","_links_to_target":""},"categories":[5],"tags":[],"class_list":["post-35186","post","type-post","status-publish","format-standard","hentry","category-erlebniswelten"],"_links":{"self":[{"href":"https:\/\/www.gruen-wald.de\/wordpress\/wp-json\/wp\/v2\/posts\/35186","targetHints":{"allow":["GET"]}}],"collection":[{"href":"https:\/\/www.gruen-wald.de\/wordpress\/wp-json\/wp\/v2\/posts"}],"about":[{"href":"https:\/\/www.gruen-wald.de\/wordpress\/wp-json\/wp\/v2\/types\/post"}],"author":[{"embeddable":true,"href":"https:\/\/www.gruen-wald.de\/wordpress\/wp-json\/wp\/v2\/users\/1"}],"replies":[{"embeddable":true,"href":"https:\/\/www.gruen-wald.de\/wordpress\/wp-json\/wp\/v2\/comments?post=35186"}],"version-history":[{"count":0,"href":"https:\/\/www.gruen-wald.de\/wordpress\/wp-json\/wp\/v2\/posts\/35186\/revisions"}],"wp:attachment":[{"href":"https:\/\/www.gruen-wald.de\/wordpress\/wp-json\/wp\/v2\/media?parent=35186"}],"wp:term":[{"taxonomy":"category","embeddable":true,"href":"https:\/\/www.gruen-wald.de\/wordpress\/wp-json\/wp\/v2\/categories?post=35186"},{"taxonomy":"post_tag","embeddable":true,"href":"https:\/\/www.gruen-wald.de\/wordpress\/wp-json\/wp\/v2\/tags?post=35186"}],"curies":[{"name":"wp","href":"https:\/\/api.w.org\/{rel}","templated":true}]}}