{"id":35157,"date":"2018-05-26T00:49:17","date_gmt":"2018-05-25T22:49:17","guid":{"rendered":"http:\/\/blog.coaster.de\/wp\/?p=35157"},"modified":"2018-05-26T00:49:17","modified_gmt":"2018-05-25T22:49:17","slug":"ein-steiler-jaeger-ein-idyllisches-seehaus-und-gleich-drei-hoerndl","status":"publish","type":"post","link":"https:\/\/www.gruen-wald.de\/wordpress\/events\/ein-steiler-jaeger-ein-idyllisches-seehaus-und-gleich-drei-hoerndl\/","title":{"rendered":"Ein steiler J\u00e4ger, ein idyllisches Seehaus und gleich drei H\u00f6rndl"},"content":{"rendered":"<p>In der H\u00f6rndlwand-Region war ich vor 3 Jahren schon einmal (siehe: <a href=\"http:\/\/blog.coaster.de\/wp\/?p=31399\">Lost in Sulzgraben<\/a>). Diesmal sollte es dann aber auf den ber\u00fchmteren Gipfel gehen, n\u00e4mlich auf die H\u00f6rndlwand selbst.<\/p>\n<p>\u00dcber den Parkplatz am Gasthof Seehaus gehts an der Branderalm vorbei auf den J\u00e4gersteig. Der Steig ist schwarz markiert, allerdings nicht allzu ausgesetzt. Man muss hin und wieder mit der Hand hingreifen. Vom Gipfel gibt es eine wunderbare Aussicht. \u00dcber das Ostertal geht es zur\u00fcck bis zum F\u00f6rchensee, der uns noch eine frische Abk\u00fchlung bereitet.<\/p>\n<p><center><iframe loading=\"lazy\" src=\"https:\/\/www.youtube.com\/embed\/OQBjeiabRMA\" width=\"560\" height=\"315\" frameborder=\"0\" allowfullscreen=\"allowfullscreen\"><\/iframe><\/center><\/p>\n<p>Eine nette Tour in einer sch\u00f6nen Region zwischen lieblich und felsig.<\/p>\n","protected":false},"excerpt":{"rendered":"<p>In der H\u00f6rndlwand-Region war ich vor 3 Jahren schon einmal (siehe: Lost in Sulzgraben). Diesmal sollte es dann aber auf&hellip;<\/p>\n","protected":false},"author":1,"featured_media":0,"comment_status":"open","ping_status":"open","sticky":false,"template":"","format":"standard","meta":{"footnotes":"","_links_to":"","_links_to_target":""},"categories":[6],"tags":[],"class_list":["post-35157","post","type-post","status-publish","format-standard","hentry","category-events"],"_links":{"self":[{"href":"https:\/\/www.gruen-wald.de\/wordpress\/wp-json\/wp\/v2\/posts\/35157","targetHints":{"allow":["GET"]}}],"collection":[{"href":"https:\/\/www.gruen-wald.de\/wordpress\/wp-json\/wp\/v2\/posts"}],"about":[{"href":"https:\/\/www.gruen-wald.de\/wordpress\/wp-json\/wp\/v2\/types\/post"}],"author":[{"embeddable":true,"href":"https:\/\/www.gruen-wald.de\/wordpress\/wp-json\/wp\/v2\/users\/1"}],"replies":[{"embeddable":true,"href":"https:\/\/www.gruen-wald.de\/wordpress\/wp-json\/wp\/v2\/comments?post=35157"}],"version-history":[{"count":0,"href":"https:\/\/www.gruen-wald.de\/wordpress\/wp-json\/wp\/v2\/posts\/35157\/revisions"}],"wp:attachment":[{"href":"https:\/\/www.gruen-wald.de\/wordpress\/wp-json\/wp\/v2\/media?parent=35157"}],"wp:term":[{"taxonomy":"category","embeddable":true,"href":"https:\/\/www.gruen-wald.de\/wordpress\/wp-json\/wp\/v2\/categories?post=35157"},{"taxonomy":"post_tag","embeddable":true,"href":"https:\/\/www.gruen-wald.de\/wordpress\/wp-json\/wp\/v2\/tags?post=35157"}],"curies":[{"name":"wp","href":"https:\/\/api.w.org\/{rel}","templated":true}]}}