{"id":35081,"date":"2018-05-10T23:20:06","date_gmt":"2018-05-10T21:20:06","guid":{"rendered":"http:\/\/blog.coaster.de\/wp\/?p=35081"},"modified":"2018-05-10T23:20:06","modified_gmt":"2018-05-10T21:20:06","slug":"tuerke-in-deutschland","status":"publish","type":"post","link":"https:\/\/www.gruen-wald.de\/wordpress\/medien\/tuerke-in-deutschland\/","title":{"rendered":"T\u00fcrke in Deutschland"},"content":{"rendered":"<p>Eine ganz gute Audio-Reportage \u00fcber das t\u00fcrkisch sein in Deutschland wurde im ARD Radio Feature ver\u00f6ffentlicht (<a href=\"http:\/\/mp3-download.ard.de\/radio\/radiofeature\/tuerke-in-deutschland.l.mp3\">hier<\/a>).\u00a0\u00c4u\u00dferst gelungener H\u00f6rfunkjournalismus, f\u00fcr alle, die sich gerne auch mal ein St\u00fcndchen Zeit nehmen, um mit Kopfh\u00f6rer einem Thema zu lauschen.<\/p>\n","protected":false},"excerpt":{"rendered":"<p>Eine ganz gute Audio-Reportage \u00fcber das t\u00fcrkisch sein in Deutschland wurde im ARD Radio Feature ver\u00f6ffentlicht (hier).\u00a0\u00c4u\u00dferst gelungener H\u00f6rfunkjournalismus, f\u00fcr&hellip;<\/p>\n","protected":false},"author":1,"featured_media":0,"comment_status":"open","ping_status":"open","sticky":false,"template":"","format":"standard","meta":{"footnotes":"","_links_to":"","_links_to_target":""},"categories":[12],"tags":[],"class_list":["post-35081","post","type-post","status-publish","format-standard","hentry","category-medien"],"_links":{"self":[{"href":"https:\/\/www.gruen-wald.de\/wordpress\/wp-json\/wp\/v2\/posts\/35081","targetHints":{"allow":["GET"]}}],"collection":[{"href":"https:\/\/www.gruen-wald.de\/wordpress\/wp-json\/wp\/v2\/posts"}],"about":[{"href":"https:\/\/www.gruen-wald.de\/wordpress\/wp-json\/wp\/v2\/types\/post"}],"author":[{"embeddable":true,"href":"https:\/\/www.gruen-wald.de\/wordpress\/wp-json\/wp\/v2\/users\/1"}],"replies":[{"embeddable":true,"href":"https:\/\/www.gruen-wald.de\/wordpress\/wp-json\/wp\/v2\/comments?post=35081"}],"version-history":[{"count":0,"href":"https:\/\/www.gruen-wald.de\/wordpress\/wp-json\/wp\/v2\/posts\/35081\/revisions"}],"wp:attachment":[{"href":"https:\/\/www.gruen-wald.de\/wordpress\/wp-json\/wp\/v2\/media?parent=35081"}],"wp:term":[{"taxonomy":"category","embeddable":true,"href":"https:\/\/www.gruen-wald.de\/wordpress\/wp-json\/wp\/v2\/categories?post=35081"},{"taxonomy":"post_tag","embeddable":true,"href":"https:\/\/www.gruen-wald.de\/wordpress\/wp-json\/wp\/v2\/tags?post=35081"}],"curies":[{"name":"wp","href":"https:\/\/api.w.org\/{rel}","templated":true}]}}