{"id":34952,"date":"2018-04-04T22:18:02","date_gmt":"2018-04-04T20:18:02","guid":{"rendered":"http:\/\/blog.coaster.de\/wp\/?p=34952"},"modified":"2018-04-04T22:18:02","modified_gmt":"2018-04-04T20:18:02","slug":"norm-macdonald-bei-conan","status":"publish","type":"post","link":"https:\/\/www.gruen-wald.de\/wordpress\/medien\/norm-macdonald-bei-conan\/","title":{"rendered":"Norm MacDonald bei Conan"},"content":{"rendered":"<p>Ich habe ein wenig gebraucht, aber mittlerweile bin ich echt ein Fan von Norm MacDonalds Humor. Weniger sein Stand-Up, aber er als Talkshow-Gast ist f\u00fcr mich immer eine &#8222;g&#8217;mahte Wies&#8217;n&#8220; wie man in Bayern sagt:<\/p>\n<p>Er kommt in der Regel als erster Gast und beginnt dann mit entweder surrealen, sinnlosen und manchmal einfach rotzfrechen Einw\u00fcrfen von der Seite die Sendung zu sabotieren. Die Auftritte bei Late-Night-Talker Conan mag ich besonders. Angeblich wei\u00df Conan aus Prinzip vorher nicht, wie Norm reagieren wird (vermutlich wei\u00df das Norm nicht mal selbst) und gerade das Unvorbereitet-Naive ist manchmal am meisten komisch:<\/p>\n<p><iframe loading=\"lazy\" width=\"560\" height=\"315\" src=\"https:\/\/www.youtube.com\/embed\/videoseries?list=PLR1kPA7-Jm0UTqU3rMeCKWC2fP-bOP_sY\" frameborder=\"0\" allowfullscreen><\/iframe><\/p>\n","protected":false},"excerpt":{"rendered":"<p>Ich habe ein wenig gebraucht, aber mittlerweile bin ich echt ein Fan von Norm MacDonalds Humor. Weniger sein Stand-Up, aber&hellip;<\/p>\n","protected":false},"author":1,"featured_media":0,"comment_status":"open","ping_status":"open","sticky":false,"template":"","format":"standard","meta":{"footnotes":"","_links_to":"","_links_to_target":""},"categories":[12],"tags":[],"class_list":["post-34952","post","type-post","status-publish","format-standard","hentry","category-medien"],"_links":{"self":[{"href":"https:\/\/www.gruen-wald.de\/wordpress\/wp-json\/wp\/v2\/posts\/34952","targetHints":{"allow":["GET"]}}],"collection":[{"href":"https:\/\/www.gruen-wald.de\/wordpress\/wp-json\/wp\/v2\/posts"}],"about":[{"href":"https:\/\/www.gruen-wald.de\/wordpress\/wp-json\/wp\/v2\/types\/post"}],"author":[{"embeddable":true,"href":"https:\/\/www.gruen-wald.de\/wordpress\/wp-json\/wp\/v2\/users\/1"}],"replies":[{"embeddable":true,"href":"https:\/\/www.gruen-wald.de\/wordpress\/wp-json\/wp\/v2\/comments?post=34952"}],"version-history":[{"count":0,"href":"https:\/\/www.gruen-wald.de\/wordpress\/wp-json\/wp\/v2\/posts\/34952\/revisions"}],"wp:attachment":[{"href":"https:\/\/www.gruen-wald.de\/wordpress\/wp-json\/wp\/v2\/media?parent=34952"}],"wp:term":[{"taxonomy":"category","embeddable":true,"href":"https:\/\/www.gruen-wald.de\/wordpress\/wp-json\/wp\/v2\/categories?post=34952"},{"taxonomy":"post_tag","embeddable":true,"href":"https:\/\/www.gruen-wald.de\/wordpress\/wp-json\/wp\/v2\/tags?post=34952"}],"curies":[{"name":"wp","href":"https:\/\/api.w.org\/{rel}","templated":true}]}}