{"id":34943,"date":"2018-03-31T23:55:20","date_gmt":"2018-03-31T21:55:20","guid":{"rendered":"http:\/\/blog.coaster.de\/wp\/?p=34943"},"modified":"2018-03-31T23:55:20","modified_gmt":"2018-03-31T21:55:20","slug":"eu-will-briten-eu-domains-wegnehmen","status":"publish","type":"post","link":"https:\/\/www.gruen-wald.de\/wordpress\/internet-co\/eu-will-briten-eu-domains-wegnehmen\/","title":{"rendered":"EU will Briten .eu Domains wegnehmen"},"content":{"rendered":"<p>.eu-Domains sind ausschlie\u00dflich EU-B\u00fcrgern und -Organisationen vorbehalten. Deshalb hat die Europ\u00e4ische Komission entschieden, dass Domains mit britischem Inhaber ab dem Brexit revoked werden sollen (<a href=\"https:\/\/ec.europa.eu\/info\/sites\/info\/files\/notice_to_stakeholders_brexit_eu_domain_names.pdf\">hier<\/a>). Angeblich wurde der .eu-Registrar,\u00a0EURid, erst kurzfristig dar\u00fcber informiert. Rund 300.000 Domains sollen auf dem Spiel stehen, sagt <a href=\"https:\/\/www.theregister.co.uk\/2018\/03\/29\/eu_dumps_300000_ukowned_domains_into_brexit_bin\/\">TheRegister<\/a>.<\/p>\n","protected":false},"excerpt":{"rendered":"<p>.eu-Domains sind ausschlie\u00dflich EU-B\u00fcrgern und -Organisationen vorbehalten. Deshalb hat die Europ\u00e4ische Komission entschieden, dass Domains mit britischem Inhaber ab dem&hellip;<\/p>\n","protected":false},"author":1,"featured_media":0,"comment_status":"open","ping_status":"open","sticky":false,"template":"","format":"standard","meta":{"footnotes":"","_links_to":"","_links_to_target":""},"categories":[11],"tags":[],"class_list":["post-34943","post","type-post","status-publish","format-standard","hentry","category-internet-co"],"_links":{"self":[{"href":"https:\/\/www.gruen-wald.de\/wordpress\/wp-json\/wp\/v2\/posts\/34943","targetHints":{"allow":["GET"]}}],"collection":[{"href":"https:\/\/www.gruen-wald.de\/wordpress\/wp-json\/wp\/v2\/posts"}],"about":[{"href":"https:\/\/www.gruen-wald.de\/wordpress\/wp-json\/wp\/v2\/types\/post"}],"author":[{"embeddable":true,"href":"https:\/\/www.gruen-wald.de\/wordpress\/wp-json\/wp\/v2\/users\/1"}],"replies":[{"embeddable":true,"href":"https:\/\/www.gruen-wald.de\/wordpress\/wp-json\/wp\/v2\/comments?post=34943"}],"version-history":[{"count":0,"href":"https:\/\/www.gruen-wald.de\/wordpress\/wp-json\/wp\/v2\/posts\/34943\/revisions"}],"wp:attachment":[{"href":"https:\/\/www.gruen-wald.de\/wordpress\/wp-json\/wp\/v2\/media?parent=34943"}],"wp:term":[{"taxonomy":"category","embeddable":true,"href":"https:\/\/www.gruen-wald.de\/wordpress\/wp-json\/wp\/v2\/categories?post=34943"},{"taxonomy":"post_tag","embeddable":true,"href":"https:\/\/www.gruen-wald.de\/wordpress\/wp-json\/wp\/v2\/tags?post=34943"}],"curies":[{"name":"wp","href":"https:\/\/api.w.org\/{rel}","templated":true}]}}