{"id":34921,"date":"2018-03-23T17:51:30","date_gmt":"2018-03-23T16:51:30","guid":{"rendered":"http:\/\/blog.coaster.de\/wp\/?p=34921"},"modified":"2018-03-23T17:51:30","modified_gmt":"2018-03-23T16:51:30","slug":"vr-slide-event-in-der-therme-erding","status":"publish","type":"post","link":"https:\/\/www.gruen-wald.de\/wordpress\/erlebniswelten\/vr-slide-event-in-der-therme-erding\/","title":{"rendered":"VR Slide-Event in der Therme Erding"},"content":{"rendered":"<p>Wow, das ging fix. Eben noch in der Badehose und <a href=\"https:\/\/youtu.be\/7N26N2Wur20\">jetzt auf Youtube<\/a>! Danke an das Therme Erding-Team, ballast VR und Wiegand-M\u00e4lzer f\u00fcr die freundliche Einladung und das sch\u00f6ne Event! Details folgen werden auf entsprechenden Kan\u00e4len folgen (muss mal gucken, welche Seite ich daf\u00fcr verwende &#8211; hier im privaten Blog verlinke ich dann nat\u00fcrlich darauf).<\/p>\n<p style=\"text-align: center;\"><iframe loading=\"lazy\" src=\"https:\/\/www.youtube.com\/embed\/7N26N2Wur20\" width=\"560\" height=\"315\" frameborder=\"0\" allowfullscreen=\"allowfullscreen\"><\/iframe><\/p>\n","protected":false},"excerpt":{"rendered":"<p>Wow, das ging fix. Eben noch in der Badehose und jetzt auf Youtube! Danke an das Therme Erding-Team, ballast VR&hellip;<\/p>\n","protected":false},"author":1,"featured_media":0,"comment_status":"open","ping_status":"open","sticky":false,"template":"","format":"standard","meta":{"footnotes":"","_links_to":"","_links_to_target":""},"categories":[5],"tags":[],"class_list":["post-34921","post","type-post","status-publish","format-standard","hentry","category-erlebniswelten"],"_links":{"self":[{"href":"https:\/\/www.gruen-wald.de\/wordpress\/wp-json\/wp\/v2\/posts\/34921","targetHints":{"allow":["GET"]}}],"collection":[{"href":"https:\/\/www.gruen-wald.de\/wordpress\/wp-json\/wp\/v2\/posts"}],"about":[{"href":"https:\/\/www.gruen-wald.de\/wordpress\/wp-json\/wp\/v2\/types\/post"}],"author":[{"embeddable":true,"href":"https:\/\/www.gruen-wald.de\/wordpress\/wp-json\/wp\/v2\/users\/1"}],"replies":[{"embeddable":true,"href":"https:\/\/www.gruen-wald.de\/wordpress\/wp-json\/wp\/v2\/comments?post=34921"}],"version-history":[{"count":0,"href":"https:\/\/www.gruen-wald.de\/wordpress\/wp-json\/wp\/v2\/posts\/34921\/revisions"}],"wp:attachment":[{"href":"https:\/\/www.gruen-wald.de\/wordpress\/wp-json\/wp\/v2\/media?parent=34921"}],"wp:term":[{"taxonomy":"category","embeddable":true,"href":"https:\/\/www.gruen-wald.de\/wordpress\/wp-json\/wp\/v2\/categories?post=34921"},{"taxonomy":"post_tag","embeddable":true,"href":"https:\/\/www.gruen-wald.de\/wordpress\/wp-json\/wp\/v2\/tags?post=34921"}],"curies":[{"name":"wp","href":"https:\/\/api.w.org\/{rel}","templated":true}]}}