{"id":34914,"date":"2018-03-21T22:22:51","date_gmt":"2018-03-21T21:22:51","guid":{"rendered":"http:\/\/blog.coaster.de\/wp\/?p=34914"},"modified":"2018-03-21T22:22:51","modified_gmt":"2018-03-21T21:22:51","slug":"ep-talk-zum-saisonstart-2018","status":"publish","type":"post","link":"https:\/\/www.gruen-wald.de\/wordpress\/medien\/ep-talk-zum-saisonstart-2018\/","title":{"rendered":"EP-Talk zum Saisonstart 2018"},"content":{"rendered":"<p><img loading=\"lazy\" decoding=\"async\" class=\"alignright\" src=\"http:\/\/blog.coaster.de\/wp\/wp-content\/uploads\/2018\/03\/P1030764.jpg\" width=\"261\" height=\"147\" \/>Wer mich kennt, wei\u00df, dass ich schon ziemlich lange die betriebliche (und nat\u00fcrlich auch inhaltliche sowie mediale) Entwicklung des Europa-Parks verfolge. Gerade in den letzten Jahren ist es ungeheuerlich, mit welcher Kraft das Familienunternehmen in k\u00fcrzester Zeit Projekte stemmt. Die Gr\u00f6\u00dfenordnung kennt man sonst nur von Gro\u00dfkonzernen, die daf\u00fcr aber oft leicht die drei- oder vierfache Zeit (und Budget) verschlingen. Kein Wunder, dass der Park 2016 sogar die Walt Disney Studios <a href=\"http:\/\/www.teaconnect.org\/images\/files\/TEA_235_103719_170601.pdf\">in Besucherzahlen auf den dritten Platz verdr\u00e4ngt hat<\/a> und so langsam nach dem heiligen Gral (sprich Disneyland selbst) greift. Gut, das ist zwar noch ein weiter Weg hin, aber allein der zweite Platz w\u00e4re in Nordamerika schon ein Skandal.<\/p>\n<p>\u00dcber aktuelle Neuerungen sprachen heute Michael und Thomas Mack im EP-Talk des Europa-Park Radios. So lange der noch nicht in der Mediathek des Europa-Parks abrufbar ist habe ich ihn f\u00fcr Interessenten mal hier abgelegt (und l\u00f6sche ihn, sobald es den Talk zum nachh\u00f6ren gibt):<\/p>\n<p style=\"text-align: center;\">(Link entfernt, die Sendung gibt&#8217;s jetzt in der <a href=\"https:\/\/radio.europapark.de\/\">EP Mediathek<\/a>)<\/p>\n","protected":false},"excerpt":{"rendered":"<p>Wer mich kennt, wei\u00df, dass ich schon ziemlich lange die betriebliche (und nat\u00fcrlich auch inhaltliche sowie mediale) Entwicklung des Europa-Parks&hellip;<\/p>\n","protected":false},"author":1,"featured_media":0,"comment_status":"open","ping_status":"open","sticky":false,"template":"","format":"standard","meta":{"footnotes":"","_links_to":"","_links_to_target":""},"categories":[12],"tags":[],"class_list":["post-34914","post","type-post","status-publish","format-standard","hentry","category-medien"],"_links":{"self":[{"href":"https:\/\/www.gruen-wald.de\/wordpress\/wp-json\/wp\/v2\/posts\/34914","targetHints":{"allow":["GET"]}}],"collection":[{"href":"https:\/\/www.gruen-wald.de\/wordpress\/wp-json\/wp\/v2\/posts"}],"about":[{"href":"https:\/\/www.gruen-wald.de\/wordpress\/wp-json\/wp\/v2\/types\/post"}],"author":[{"embeddable":true,"href":"https:\/\/www.gruen-wald.de\/wordpress\/wp-json\/wp\/v2\/users\/1"}],"replies":[{"embeddable":true,"href":"https:\/\/www.gruen-wald.de\/wordpress\/wp-json\/wp\/v2\/comments?post=34914"}],"version-history":[{"count":0,"href":"https:\/\/www.gruen-wald.de\/wordpress\/wp-json\/wp\/v2\/posts\/34914\/revisions"}],"wp:attachment":[{"href":"https:\/\/www.gruen-wald.de\/wordpress\/wp-json\/wp\/v2\/media?parent=34914"}],"wp:term":[{"taxonomy":"category","embeddable":true,"href":"https:\/\/www.gruen-wald.de\/wordpress\/wp-json\/wp\/v2\/categories?post=34914"},{"taxonomy":"post_tag","embeddable":true,"href":"https:\/\/www.gruen-wald.de\/wordpress\/wp-json\/wp\/v2\/tags?post=34914"}],"curies":[{"name":"wp","href":"https:\/\/api.w.org\/{rel}","templated":true}]}}