{"id":34895,"date":"2018-03-14T13:42:35","date_gmt":"2018-03-14T12:42:35","guid":{"rendered":"http:\/\/blog.coaster.de\/wp\/?p=34895"},"modified":"2018-03-14T13:42:35","modified_gmt":"2018-03-14T12:42:35","slug":"erhaelt-die-euromir-das-time-traveler-treatment","status":"publish","type":"post","link":"https:\/\/www.gruen-wald.de\/wordpress\/notiz\/erhaelt-die-euromir-das-time-traveler-treatment\/","title":{"rendered":"Erh\u00e4lt die EuroMir das Time Traveler-Treatment?"},"content":{"rendered":"<p>Ich frage mich ja ernsthaft, ob man nach dem <a href=\"https:\/\/www.europapark.de\/de\/attraktionen\/eurosat-cancan-coaster\">Umbau der EuroSat im Europa-Park<\/a> irgendwann der ja auch in die Jahre kommende EuroMir das Time Traveler-Treatment von Mack Rides spendiert:<\/p>\n<p style=\"text-align: center;\"><iframe loading=\"lazy\" src=\"https:\/\/www.youtube.com\/embed\/LX8OFiT9dcY\" width=\"560\" height=\"315\" frameborder=\"0\" allowfullscreen=\"allowfullscreen\"><\/iframe><\/p>\n<p>Das w\u00e4re dann allerdings vermutlich schon eine sehr neue Konstruktion &#8211; zumindest wenn man auf so Sachen wie Launch nicht verzichten will. Auch die m\u00e4chtige Schiene und das Lichtraumprofil wird wohl nicht so leicht an das vorhandene Layout angepasst werden k\u00f6nnen. Aber eigentlich w\u00e4re es fast schade, wenn im &#8222;EP&#8220; dieser sehr geniale Spinning-Coaster-Typus nicht zu finden w\u00e4re und dass der Park ein Showcase f\u00fcr den hauseigenen Konstrukteur aus Waldkirch ist, ist ja kein Geheimnis&#8230; \ud83d\ude09<\/p>\n","protected":false},"excerpt":{"rendered":"<p>Ich frage mich ja ernsthaft, ob man nach dem Umbau der EuroSat im Europa-Park irgendwann der ja auch in die&hellip;<\/p>\n","protected":false},"author":1,"featured_media":0,"comment_status":"open","ping_status":"open","sticky":false,"template":"","format":"standard","meta":{"footnotes":"","_links_to":"","_links_to_target":""},"categories":[13],"tags":[],"class_list":["post-34895","post","type-post","status-publish","format-standard","hentry","category-notiz"],"_links":{"self":[{"href":"https:\/\/www.gruen-wald.de\/wordpress\/wp-json\/wp\/v2\/posts\/34895","targetHints":{"allow":["GET"]}}],"collection":[{"href":"https:\/\/www.gruen-wald.de\/wordpress\/wp-json\/wp\/v2\/posts"}],"about":[{"href":"https:\/\/www.gruen-wald.de\/wordpress\/wp-json\/wp\/v2\/types\/post"}],"author":[{"embeddable":true,"href":"https:\/\/www.gruen-wald.de\/wordpress\/wp-json\/wp\/v2\/users\/1"}],"replies":[{"embeddable":true,"href":"https:\/\/www.gruen-wald.de\/wordpress\/wp-json\/wp\/v2\/comments?post=34895"}],"version-history":[{"count":0,"href":"https:\/\/www.gruen-wald.de\/wordpress\/wp-json\/wp\/v2\/posts\/34895\/revisions"}],"wp:attachment":[{"href":"https:\/\/www.gruen-wald.de\/wordpress\/wp-json\/wp\/v2\/media?parent=34895"}],"wp:term":[{"taxonomy":"category","embeddable":true,"href":"https:\/\/www.gruen-wald.de\/wordpress\/wp-json\/wp\/v2\/categories?post=34895"},{"taxonomy":"post_tag","embeddable":true,"href":"https:\/\/www.gruen-wald.de\/wordpress\/wp-json\/wp\/v2\/tags?post=34895"}],"curies":[{"name":"wp","href":"https:\/\/api.w.org\/{rel}","templated":true}]}}