{"id":34409,"date":"2017-11-07T23:55:20","date_gmt":"2017-11-07T22:55:20","guid":{"rendered":"http:\/\/blog.coaster.de\/wp\/?p=34409"},"modified":"2017-11-07T23:55:20","modified_gmt":"2017-11-07T22:55:20","slug":"die-2-gesichter-der-telekom","status":"publish","type":"post","link":"https:\/\/www.gruen-wald.de\/wordpress\/medien\/die-2-gesichter-der-telekom\/","title":{"rendered":"Die 2 Gesichter der Telekom"},"content":{"rendered":"<p><a href=\"http:\/\/blog.coaster.de\/wp\/wp-content\/uploads\/2014\/04\/herrmikrofon.jpg\"><img loading=\"lazy\" decoding=\"async\" class=\"alignleft size-full wp-image-28712\" title=\"herrmikrofon\" src=\"http:\/\/blog.coaster.de\/wp\/wp-content\/uploads\/2014\/04\/herrmikrofon.jpg\" alt=\"\" width=\"150\" height=\"153\" \/><\/a>Eine Radio-Reportage \u00fcber die\u00a0Verantwortung der der Telekom bei den Arbeiterrechten. Eigentlich ein sehr spezielles Thema, aber ein paar Aussagen haben mich dann doch geschockt. So m\u00fcssen Arbeitnehmer der US-Tochter scheinbar bei Underperformance \u00fcbelste Shaming-Methodiken \u00fcber sich ergehen lassen, die nicht nur am Verst\u00e4ndnis von Mitarbeitermotivation sondern auch an der Menschlichkeit zweifeln lassen.<\/p>\n<p>Produziert f\u00fcr das ARD Radio-Feature. Hier anh\u00f6ren:<\/p>\n<p style=\"text-align: center;\"><object width=\"400\" height=\"50\" classid=\"clsid:d27cdb6e-ae6d-11cf-96b8-444553540000\" codebase=\"http:\/\/download.macromedia.com\/pub\/shockwave\/cabs\/flash\/swflash.cab#version=6,0,40,0\"><param name=\"data\" value=\"\/mp3player\/xspf_player_slim.swf?song_url=http:\/\/mp3-download.ard.de\/radio\/radiofeature\/die-zwei-gesichter-der-telekom-dxs.l.mp3&amp;song_title=ARD-Radio-Feature&amp;autoload=true\" \/><param name=\"src\" value=\"\/mp3player\/xspf_player_slim.swf?song_url=http:\/\/mp3-download.ard.de\/radio\/radiofeature\/die-zwei-gesichter-der-telekom-dxs.l.mp3&amp;song_title=ARD-Radio-Feature&amp;autoload=true\" \/><embed width=\"400\" height=\"50\" type=\"application\/x-shockwave-flash\" src=\"\/mp3player\/xspf_player_slim.swf?song_url=http:\/\/mp3-download.ard.de\/radio\/radiofeature\/die-zwei-gesichter-der-telekom-dxs.l.mp3&amp;song_title=ARD-Radio-Feature&amp;autoload=true\" data=\"\/mp3player\/xspf_player_slim.swf?song_url=http:\/\/mp3-download.ard.de\/radio\/radiofeature\/die-zwei-gesichter-der-telekom-dxs.l.mp3&amp;song_title=ARD-Radio-Feature&amp;autoload=true\" \/><\/object><br \/>\nQuelle\/Download: <a href=\"http:\/\/mp3-download.ard.de\/radio\/radiofeature\/die-zwei-gesichter-der-telekom-dxs.l.mp3\">ard.de<\/a><\/p>\n","protected":false},"excerpt":{"rendered":"<p>Eine Radio-Reportage \u00fcber die\u00a0Verantwortung der der Telekom bei den Arbeiterrechten. Eigentlich ein sehr spezielles Thema, aber ein paar Aussagen haben&hellip;<\/p>\n","protected":false},"author":1,"featured_media":0,"comment_status":"open","ping_status":"open","sticky":false,"template":"","format":"standard","meta":{"footnotes":"","_links_to":"","_links_to_target":""},"categories":[12,16],"tags":[],"class_list":["post-34409","post","type-post","status-publish","format-standard","hentry","category-medien","category-telekommunikation"],"_links":{"self":[{"href":"https:\/\/www.gruen-wald.de\/wordpress\/wp-json\/wp\/v2\/posts\/34409","targetHints":{"allow":["GET"]}}],"collection":[{"href":"https:\/\/www.gruen-wald.de\/wordpress\/wp-json\/wp\/v2\/posts"}],"about":[{"href":"https:\/\/www.gruen-wald.de\/wordpress\/wp-json\/wp\/v2\/types\/post"}],"author":[{"embeddable":true,"href":"https:\/\/www.gruen-wald.de\/wordpress\/wp-json\/wp\/v2\/users\/1"}],"replies":[{"embeddable":true,"href":"https:\/\/www.gruen-wald.de\/wordpress\/wp-json\/wp\/v2\/comments?post=34409"}],"version-history":[{"count":0,"href":"https:\/\/www.gruen-wald.de\/wordpress\/wp-json\/wp\/v2\/posts\/34409\/revisions"}],"wp:attachment":[{"href":"https:\/\/www.gruen-wald.de\/wordpress\/wp-json\/wp\/v2\/media?parent=34409"}],"wp:term":[{"taxonomy":"category","embeddable":true,"href":"https:\/\/www.gruen-wald.de\/wordpress\/wp-json\/wp\/v2\/categories?post=34409"},{"taxonomy":"post_tag","embeddable":true,"href":"https:\/\/www.gruen-wald.de\/wordpress\/wp-json\/wp\/v2\/tags?post=34409"}],"curies":[{"name":"wp","href":"https:\/\/api.w.org\/{rel}","templated":true}]}}