{"id":34357,"date":"2017-10-21T00:01:43","date_gmt":"2017-10-20T22:01:43","guid":{"rendered":"http:\/\/blog.coaster.de\/wp\/?p=34357"},"modified":"2017-10-21T00:01:43","modified_gmt":"2017-10-20T22:01:43","slug":"grosser-traithen-1852m-von-der-speckalm-aus","status":"publish","type":"post","link":"https:\/\/www.gruen-wald.de\/wordpress\/film-kultur\/grosser-traithen-1852m-von-der-speckalm-aus\/","title":{"rendered":"Gro\u00dfer Traithen (1852m) von der Speckalm aus"},"content":{"rendered":"<p>Strumtief Xavier st\u00fcrmt am 5.10. \u00fcber Deutschland hinweg. Warum die Gunst der Stunde nicht nutzen und vor dem Aufzug des Sturms nochmal auf einen Berg klettern und sich den Orkan durch die Haare blasen lassen? \ud83d\ude09<\/p>\n<p><center><iframe loading=\"lazy\" width=\"560\" height=\"315\" src=\"https:\/\/www.youtube.com\/embed\/3cuE8vi_RfM\" frameborder=\"0\" allowfullscreen><\/iframe><\/center><\/p>\n","protected":false},"excerpt":{"rendered":"<p>Strumtief Xavier st\u00fcrmt am 5.10. \u00fcber Deutschland hinweg. Warum die Gunst der Stunde nicht nutzen und vor dem Aufzug des&hellip;<\/p>\n","protected":false},"author":1,"featured_media":0,"comment_status":"open","ping_status":"open","sticky":false,"template":"","format":"standard","meta":{"footnotes":"","_links_to":"","_links_to_target":""},"categories":[7],"tags":[],"class_list":["post-34357","post","type-post","status-publish","format-standard","hentry","category-film-kultur"],"_links":{"self":[{"href":"https:\/\/www.gruen-wald.de\/wordpress\/wp-json\/wp\/v2\/posts\/34357","targetHints":{"allow":["GET"]}}],"collection":[{"href":"https:\/\/www.gruen-wald.de\/wordpress\/wp-json\/wp\/v2\/posts"}],"about":[{"href":"https:\/\/www.gruen-wald.de\/wordpress\/wp-json\/wp\/v2\/types\/post"}],"author":[{"embeddable":true,"href":"https:\/\/www.gruen-wald.de\/wordpress\/wp-json\/wp\/v2\/users\/1"}],"replies":[{"embeddable":true,"href":"https:\/\/www.gruen-wald.de\/wordpress\/wp-json\/wp\/v2\/comments?post=34357"}],"version-history":[{"count":0,"href":"https:\/\/www.gruen-wald.de\/wordpress\/wp-json\/wp\/v2\/posts\/34357\/revisions"}],"wp:attachment":[{"href":"https:\/\/www.gruen-wald.de\/wordpress\/wp-json\/wp\/v2\/media?parent=34357"}],"wp:term":[{"taxonomy":"category","embeddable":true,"href":"https:\/\/www.gruen-wald.de\/wordpress\/wp-json\/wp\/v2\/categories?post=34357"},{"taxonomy":"post_tag","embeddable":true,"href":"https:\/\/www.gruen-wald.de\/wordpress\/wp-json\/wp\/v2\/tags?post=34357"}],"curies":[{"name":"wp","href":"https:\/\/api.w.org\/{rel}","templated":true}]}}