{"id":34346,"date":"2017-10-14T00:01:54","date_gmt":"2017-10-13T22:01:54","guid":{"rendered":"http:\/\/blog.coaster.de\/wp\/?p=34346"},"modified":"2017-10-14T00:01:54","modified_gmt":"2017-10-13T22:01:54","slug":"wahl-in-oesterreich","status":"publish","type":"post","link":"https:\/\/www.gruen-wald.de\/wordpress\/notiz\/wahl-in-oesterreich\/","title":{"rendered":"Wahl in \u00d6sterreich"},"content":{"rendered":"<p><img loading=\"lazy\" decoding=\"async\" class=\"alignright\" src=\"http:\/\/blog.coaster.de\/wp\/wp-content\/uploads\/2016\/07\/c175.png\" alt=\"\" width=\"73\" height=\"73\" \/>Morgen wird in \u00d6sterreich gew\u00e4hlt und liebe \u00d6sterreicher: <em>Mocht&#8217;s amoi kaan Schaa\u00df, geh bitte. Des war des leiwandste!<\/em><\/p>\n<p>Wer wissen will, was in dem Land derzeit (aus deutscher Sicht) abgeht, findet hier <a href=\"http:\/\/www.deutschlandfunk.de\/neuwahlen-in-oesterreich-tiefe-graeben-zwischen.724.de.html?dram:article_id=397975\">eine kurze Einf\u00fchrung<\/a> und <a href=\"https:\/\/aufwachen-podcast.de\/2017\/10\/10\/a241-basti-fantasti\/\">hier eine l\u00e4ngere<\/a>\u00a0(empfehlenswert). Beide sind ganz gute Einstimmung auf das Chaos, das uns morgen da erwartet&#8230;\u00a0:-\/<\/p>\n","protected":false},"excerpt":{"rendered":"<p>Morgen wird in \u00d6sterreich gew\u00e4hlt und liebe \u00d6sterreicher: Mocht&#8217;s amoi kaan Schaa\u00df, geh bitte. Des war des leiwandste! Wer wissen&hellip;<\/p>\n","protected":false},"author":1,"featured_media":0,"comment_status":"open","ping_status":"open","sticky":false,"template":"","format":"standard","meta":{"footnotes":"","_links_to":"","_links_to_target":""},"categories":[13],"tags":[],"class_list":["post-34346","post","type-post","status-publish","format-standard","hentry","category-notiz"],"_links":{"self":[{"href":"https:\/\/www.gruen-wald.de\/wordpress\/wp-json\/wp\/v2\/posts\/34346"}],"collection":[{"href":"https:\/\/www.gruen-wald.de\/wordpress\/wp-json\/wp\/v2\/posts"}],"about":[{"href":"https:\/\/www.gruen-wald.de\/wordpress\/wp-json\/wp\/v2\/types\/post"}],"author":[{"embeddable":true,"href":"https:\/\/www.gruen-wald.de\/wordpress\/wp-json\/wp\/v2\/users\/1"}],"replies":[{"embeddable":true,"href":"https:\/\/www.gruen-wald.de\/wordpress\/wp-json\/wp\/v2\/comments?post=34346"}],"version-history":[{"count":0,"href":"https:\/\/www.gruen-wald.de\/wordpress\/wp-json\/wp\/v2\/posts\/34346\/revisions"}],"wp:attachment":[{"href":"https:\/\/www.gruen-wald.de\/wordpress\/wp-json\/wp\/v2\/media?parent=34346"}],"wp:term":[{"taxonomy":"category","embeddable":true,"href":"https:\/\/www.gruen-wald.de\/wordpress\/wp-json\/wp\/v2\/categories?post=34346"},{"taxonomy":"post_tag","embeddable":true,"href":"https:\/\/www.gruen-wald.de\/wordpress\/wp-json\/wp\/v2\/tags?post=34346"}],"curies":[{"name":"wp","href":"https:\/\/api.w.org\/{rel}","templated":true}]}}