{"id":34316,"date":"2017-10-06T08:00:16","date_gmt":"2017-10-06T06:00:16","guid":{"rendered":"http:\/\/blog.coaster.de\/wp\/?p=34316"},"modified":"2017-10-06T08:00:16","modified_gmt":"2017-10-06T06:00:16","slug":"gruesse-aus-1852m","status":"publish","type":"post","link":"https:\/\/www.gruen-wald.de\/wordpress\/fotos\/gruesse-aus-1852m\/","title":{"rendered":"Kurze Gr\u00fc\u00dfe aus 1852m"},"content":{"rendered":"<p style=\"text-align: center;\">Mit perfekter Fernsicht&#8230;<\/p>\n<p style=\"text-align: center;\"><a href=\"http:\/\/blog.coaster.de\/wp\/wp-content\/uploads\/2017\/10\/traithen2.jpg\"><img loading=\"lazy\" decoding=\"async\" class=\"aligncenter wp-image-34318\" src=\"http:\/\/blog.coaster.de\/wp\/wp-content\/uploads\/2017\/10\/traithen2.jpg\" alt=\"traithen2\" width=\"560\" height=\"263\" \/><\/a><\/p>\n<p style=\"text-align: center;\">Blick vom <a href=\"https:\/\/de.wikipedia.org\/wiki\/Gro%C3%9Fer_Traithen\">Gro\u00dfen Traithen<\/a> gestern. Dank \u00f6ffentlich-zug\u00e4nglichem Parkplatz fast &#8222;um die Ecke&#8220; mit nur kurzen Kraxeleinlagen erreichbar. Sauwindig war&#8217;s aber trotzdem.<\/p>\n<p style=\"text-align: center;\"><img loading=\"lazy\" decoding=\"async\" class=\"aligncenter size-full wp-image-34317\" src=\"http:\/\/blog.coaster.de\/wp\/wp-content\/uploads\/2017\/10\/traithen1.jpg\" alt=\"traithen1\" width=\"288\" height=\"512\" srcset=\"https:\/\/www.gruen-wald.de\/wordpress\/wp-content\/uploads\/2017\/10\/traithen1.jpg 288w, https:\/\/www.gruen-wald.de\/wordpress\/wp-content\/uploads\/2017\/10\/traithen1-169x300.jpg 169w\" sizes=\"auto, (max-width: 288px) 100vw, 288px\" \/><\/p>\n<p style=\"text-align: center;\">Vielleicht das letzte Mal schneefrei in diesem Sommer. Der Wetterumschwung kam unmittelbar nachdem ich am Gipfel war (daher bin ich dann auch gleich wieder runter). Blick hier ist noch &#8222;freundlich&#8220;, hinter mir t\u00fcrmten sich schon die Regenwolken von Westen&#8230; \ud83d\ude09<\/p>\n","protected":false},"excerpt":{"rendered":"<p>Mit perfekter Fernsicht&#8230; Blick vom Gro\u00dfen Traithen gestern. Dank \u00f6ffentlich-zug\u00e4nglichem Parkplatz fast &#8222;um die Ecke&#8220; mit nur kurzen Kraxeleinlagen erreichbar.&hellip;<\/p>\n","protected":false},"author":1,"featured_media":0,"comment_status":"open","ping_status":"open","sticky":false,"template":"","format":"standard","meta":{"footnotes":"","_links_to":"","_links_to_target":""},"categories":[8],"tags":[],"class_list":["post-34316","post","type-post","status-publish","format-standard","hentry","category-fotos"],"_links":{"self":[{"href":"https:\/\/www.gruen-wald.de\/wordpress\/wp-json\/wp\/v2\/posts\/34316","targetHints":{"allow":["GET"]}}],"collection":[{"href":"https:\/\/www.gruen-wald.de\/wordpress\/wp-json\/wp\/v2\/posts"}],"about":[{"href":"https:\/\/www.gruen-wald.de\/wordpress\/wp-json\/wp\/v2\/types\/post"}],"author":[{"embeddable":true,"href":"https:\/\/www.gruen-wald.de\/wordpress\/wp-json\/wp\/v2\/users\/1"}],"replies":[{"embeddable":true,"href":"https:\/\/www.gruen-wald.de\/wordpress\/wp-json\/wp\/v2\/comments?post=34316"}],"version-history":[{"count":0,"href":"https:\/\/www.gruen-wald.de\/wordpress\/wp-json\/wp\/v2\/posts\/34316\/revisions"}],"wp:attachment":[{"href":"https:\/\/www.gruen-wald.de\/wordpress\/wp-json\/wp\/v2\/media?parent=34316"}],"wp:term":[{"taxonomy":"category","embeddable":true,"href":"https:\/\/www.gruen-wald.de\/wordpress\/wp-json\/wp\/v2\/categories?post=34316"},{"taxonomy":"post_tag","embeddable":true,"href":"https:\/\/www.gruen-wald.de\/wordpress\/wp-json\/wp\/v2\/tags?post=34316"}],"curies":[{"name":"wp","href":"https:\/\/api.w.org\/{rel}","templated":true}]}}