{"id":343,"date":"2006-07-16T00:00:00","date_gmt":"2006-07-15T23:00:00","guid":{"rendered":"http:\/\/www.coaster.de\/wp\/?p=343"},"modified":"2006-07-16T00:00:00","modified_gmt":"2006-07-15T23:00:00","slug":"blackstone-does-it-again","status":"publish","type":"post","link":"https:\/\/www.gruen-wald.de\/wordpress\/erlebniswelten\/blackstone-does-it-again\/","title":{"rendered":"Blackstone does it again!"},"content":{"rendered":"<p>Langsam wird mir die <a href=http:\/\/www.blackstone.com\/>BlackStone Gruppe<\/a> etwas unheimlich&#8230; nicht nur, dass die bereits heimlich die halbe Welt gekauft haben (u.a. (teilweise) geschluckt: VNU, CenterParcs, Deutsche Telekom, SixFlags, UniversalStudios, ish, KabelBW, KabelNRW, Merlin (u.a. Legoland, SeaLife), oder Orangina), jetzt verleiben sie sich noch meine europ\u00e4ischen <a href=http:\/\/business.timesonline.co.uk\/article\/0,,9070-2404072,00.html>Lieblings-Freizeitpark<\/a> ein. Hoffen wir f\u00fcr den Park, dass es positive Effekte f\u00fcr ihn hat &#8211; bisher war Blackstone erfreulich zur\u00fcckhaletend, was Beeinflussung in das Management betrifft. Aber wie hei\u00dft es oft so sch\u00f6n: Die unerkannten Machthaber im Hintergrund sind die gef\u00e4hrlichsten&#8230; \ud83d\ude00<\/p>\n<p align='center'> <img src=http:\/\/img149.imageshack.us\/img149\/1102\/no04afk4.jpg><\/p>\n","protected":false},"excerpt":{"rendered":"<p>Langsam wird mir die BlackStone Gruppe etwas unheimlich&#8230; nicht nur, dass die bereits heimlich die halbe Welt gekauft haben (u.a.&hellip;<\/p>\n","protected":false},"author":1,"featured_media":0,"comment_status":"open","ping_status":"open","sticky":false,"template":"","format":"standard","meta":{"footnotes":"","_links_to":"","_links_to_target":""},"categories":[5],"tags":[807,1206,2704,2966,5175],"class_list":["post-343","post","type-post","status-publish","format-standard","hentry","category-erlebniswelten","tag-centerparcs","tag-deutsche-telekom","tag-kabelbw","tag-legoland","tag-universalstudios"],"_links":{"self":[{"href":"https:\/\/www.gruen-wald.de\/wordpress\/wp-json\/wp\/v2\/posts\/343","targetHints":{"allow":["GET"]}}],"collection":[{"href":"https:\/\/www.gruen-wald.de\/wordpress\/wp-json\/wp\/v2\/posts"}],"about":[{"href":"https:\/\/www.gruen-wald.de\/wordpress\/wp-json\/wp\/v2\/types\/post"}],"author":[{"embeddable":true,"href":"https:\/\/www.gruen-wald.de\/wordpress\/wp-json\/wp\/v2\/users\/1"}],"replies":[{"embeddable":true,"href":"https:\/\/www.gruen-wald.de\/wordpress\/wp-json\/wp\/v2\/comments?post=343"}],"version-history":[{"count":0,"href":"https:\/\/www.gruen-wald.de\/wordpress\/wp-json\/wp\/v2\/posts\/343\/revisions"}],"wp:attachment":[{"href":"https:\/\/www.gruen-wald.de\/wordpress\/wp-json\/wp\/v2\/media?parent=343"}],"wp:term":[{"taxonomy":"category","embeddable":true,"href":"https:\/\/www.gruen-wald.de\/wordpress\/wp-json\/wp\/v2\/categories?post=343"},{"taxonomy":"post_tag","embeddable":true,"href":"https:\/\/www.gruen-wald.de\/wordpress\/wp-json\/wp\/v2\/tags?post=343"}],"curies":[{"name":"wp","href":"https:\/\/api.w.org\/{rel}","templated":true}]}}