{"id":34227,"date":"2017-09-09T12:00:17","date_gmt":"2017-09-09T10:00:17","guid":{"rendered":"http:\/\/blog.coaster.de\/wp\/?p=34227"},"modified":"2017-09-09T12:00:17","modified_gmt":"2017-09-09T10:00:17","slug":"auf-dem-matterhorn-bayerns","status":"publish","type":"post","link":"https:\/\/www.gruen-wald.de\/wordpress\/film-kultur\/auf-dem-matterhorn-bayerns\/","title":{"rendered":"Auf dem Matterhorn Bayerns"},"content":{"rendered":"<p>Der <strong>Leonhardstein<\/strong> wird manchmal auch das Matterhorn Bayerns genannt, weil er wie ein Zack frei am Tegernsee rumsteht. Der Aufstieg jedoch ist nicht wirklich schwierig und mit seinen nur 1449m in zwei Stunden erledigt, daher auch ideal f\u00fcr eine Nachmittagstour. Trittsicher sollte man trotzdem sein, denn der letzte Abschnitt geht steil \u00fcber Rinnen, Wurzeln und Steine empor, die hin und wieder auch ganz sch\u00f6n rutschig sein k\u00f6nnen.<\/p>\n<p>Weniger empfehlen kann ich den Rundweg, der auf einigen Karten eingezeichnet ist und direkt um den Leonhardstein herumf\u00fchrt. Der Steig ist zwar noch da, allerdings aufgelassen und heillos \u00fcberwuchert, verfallen, teilweise versumpft. Eigentlich schade, denn die Region ist dort deutlich eindrucksvoller als der Standardweg: H\u00f6hlen, m\u00e4chtige Felsen und ein bischen H\u00f6henweg am Stein entlang. Allerdings bin ich selbst mittels GPS ein paar Mal vom Weg abgekommen und hab mir dabei sch\u00f6ne Brennessel-Beine zugezogen. Also nur mit entsprechender Ausr\u00fcstung oder Einheimischen-Knowhow.<\/p>\n<p>Hier ein paar bewegte Bilder. (Leider stellt Youtube denn Online-Editor ein und somit ist dies das letzte Video mit Youtube-Musik und &#8222;schnellem&#8220; Upload direkt nach einer Wanderung. Dass Youtube den Editor nicht mehr liebt hab ich gleich beim Hochladen gemerkt: Ich musste diemsal alles &#8222;blind&#8220; machen &#8211; also wundert euch nicht, dass diesmal nicht alles zusammenpasst, ich hab einfach auf irgendwelche Takes geklickt und das Ergebnis ist daf\u00fcr eigentlich ganz okay)&#8230; \ud83d\ude09<\/p>\n<p style=\"text-align: center;\"><iframe loading=\"lazy\" width=\"560\" height=\"315\" src=\"https:\/\/www.youtube.com\/embed\/k4tMWrd728I\" frameborder=\"0\" allowfullscreen><\/iframe><\/p>\n<p>M\u00f6glich ist \u00fcbrigens auch noch die Weiterwanderung bis runter zur Klamm\/Wei\u00dfach. Diese Tour hatte ich vor exakt 4 Jahren mal gemacht. Auch im September. Damals hatte es sogar kurz geschneit. <a href=\"https:\/\/youtu.be\/WdCPZoE4Des\">Siehe hier<\/a>.<\/p>\n<p>Wer&#8217;s probieren will muss eigentlich nur hier hinfahren und dann dem Weg Richtung Gipfel folgen.<\/p>\n<p><span style=\"text-decoration: underline;\">Navi<\/span>: Am Kirchberg 3, 83708 Kreuth, Deutschland<br \/>\n<span style=\"text-decoration: underline;\">Nahverkehr<\/span>: Riedlerbr\u00fccke, Kreuth (bei bahn.de zu finden)<\/p>\n<p>Viel Spa\u00df!<\/p>\n","protected":false},"excerpt":{"rendered":"<p>Der Leonhardstein wird manchmal auch das Matterhorn Bayerns genannt, weil er wie ein Zack frei am Tegernsee rumsteht. Der Aufstieg&hellip;<\/p>\n","protected":false},"author":1,"featured_media":0,"comment_status":"open","ping_status":"open","sticky":false,"template":"","format":"standard","meta":{"footnotes":"","_links_to":"","_links_to_target":""},"categories":[7],"tags":[],"class_list":["post-34227","post","type-post","status-publish","format-standard","hentry","category-film-kultur"],"_links":{"self":[{"href":"https:\/\/www.gruen-wald.de\/wordpress\/wp-json\/wp\/v2\/posts\/34227"}],"collection":[{"href":"https:\/\/www.gruen-wald.de\/wordpress\/wp-json\/wp\/v2\/posts"}],"about":[{"href":"https:\/\/www.gruen-wald.de\/wordpress\/wp-json\/wp\/v2\/types\/post"}],"author":[{"embeddable":true,"href":"https:\/\/www.gruen-wald.de\/wordpress\/wp-json\/wp\/v2\/users\/1"}],"replies":[{"embeddable":true,"href":"https:\/\/www.gruen-wald.de\/wordpress\/wp-json\/wp\/v2\/comments?post=34227"}],"version-history":[{"count":0,"href":"https:\/\/www.gruen-wald.de\/wordpress\/wp-json\/wp\/v2\/posts\/34227\/revisions"}],"wp:attachment":[{"href":"https:\/\/www.gruen-wald.de\/wordpress\/wp-json\/wp\/v2\/media?parent=34227"}],"wp:term":[{"taxonomy":"category","embeddable":true,"href":"https:\/\/www.gruen-wald.de\/wordpress\/wp-json\/wp\/v2\/categories?post=34227"},{"taxonomy":"post_tag","embeddable":true,"href":"https:\/\/www.gruen-wald.de\/wordpress\/wp-json\/wp\/v2\/tags?post=34227"}],"curies":[{"name":"wp","href":"https:\/\/api.w.org\/{rel}","templated":true}]}}