{"id":33961,"date":"2017-06-22T22:01:56","date_gmt":"2017-06-22T20:01:56","guid":{"rendered":"http:\/\/blog.coaster.de\/wp\/?p=33961"},"modified":"2017-06-22T22:01:56","modified_gmt":"2017-06-22T20:01:56","slug":"neue-le-cadavres","status":"publish","type":"post","link":"https:\/\/www.gruen-wald.de\/wordpress\/artikel\/neue-le-cadavres\/","title":{"rendered":"Neue Le Cadavres&#8230;"},"content":{"rendered":"<p>Wer sich bei unseren Wandertouren nicht nur \u00fcber bildliches Material sondern auch textliche Erg\u00fcsse freut, dem muss ich \u00fcbrigens (mal wieder) auf <a href=\"https:\/\/twitter.com\/lomartistic\">Lomas<\/a>\u00a0&#8222;Le Cadavre&#8220; hinweisen. Dort gibt es z.B. gar vorz\u00fcglich zu schm\u00f6ckernde Ausgaben unserer<\/p>\n<p>&#8211; Nagefluhtour (<a href=\"https:\/\/pbs.twimg.com\/media\/DC3beD7XUAcBGue.jpg\">Seite 1<\/a>) (<a href=\"https:\/\/pbs.twimg.com\/media\/DC3behzWAAEys0-.jpg\">Seite 2<\/a>),<br \/>\n&#8211; D\u00fcnenweg-Wanderung (<a href=\"http:\/\/www.adventure-treff.de\/phpbb\/download\/file.php?mode=view&amp;id=10807\">Seite 1<\/a>)<br \/>\noder auch der<br \/>\n&#8211; der Blaueish\u00fctte (<a href=\"http:\/\/www.adventure-treff.de\/phpbb\/download\/file.php?mode=view&amp;id=10930\">Seite 1<\/a>)<\/p>\n<p>Es gibt kaum sch\u00f6nere Text-Erinnerungen an die sch\u00f6nen Fu\u00dfm\u00e4rsche.<\/p>\n","protected":false},"excerpt":{"rendered":"<p>Wer sich bei unseren Wandertouren nicht nur \u00fcber bildliches Material sondern auch textliche Erg\u00fcsse freut, dem muss ich \u00fcbrigens (mal&hellip;<\/p>\n","protected":false},"author":1,"featured_media":0,"comment_status":"open","ping_status":"open","sticky":false,"template":"","format":"standard","meta":{"footnotes":"","_links_to":"","_links_to_target":""},"categories":[2],"tags":[],"class_list":["post-33961","post","type-post","status-publish","format-standard","hentry","category-artikel"],"_links":{"self":[{"href":"https:\/\/www.gruen-wald.de\/wordpress\/wp-json\/wp\/v2\/posts\/33961"}],"collection":[{"href":"https:\/\/www.gruen-wald.de\/wordpress\/wp-json\/wp\/v2\/posts"}],"about":[{"href":"https:\/\/www.gruen-wald.de\/wordpress\/wp-json\/wp\/v2\/types\/post"}],"author":[{"embeddable":true,"href":"https:\/\/www.gruen-wald.de\/wordpress\/wp-json\/wp\/v2\/users\/1"}],"replies":[{"embeddable":true,"href":"https:\/\/www.gruen-wald.de\/wordpress\/wp-json\/wp\/v2\/comments?post=33961"}],"version-history":[{"count":0,"href":"https:\/\/www.gruen-wald.de\/wordpress\/wp-json\/wp\/v2\/posts\/33961\/revisions"}],"wp:attachment":[{"href":"https:\/\/www.gruen-wald.de\/wordpress\/wp-json\/wp\/v2\/media?parent=33961"}],"wp:term":[{"taxonomy":"category","embeddable":true,"href":"https:\/\/www.gruen-wald.de\/wordpress\/wp-json\/wp\/v2\/categories?post=33961"},{"taxonomy":"post_tag","embeddable":true,"href":"https:\/\/www.gruen-wald.de\/wordpress\/wp-json\/wp\/v2\/tags?post=33961"}],"curies":[{"name":"wp","href":"https:\/\/api.w.org\/{rel}","templated":true}]}}