{"id":33885,"date":"2017-05-31T22:44:36","date_gmt":"2017-05-31T20:44:36","guid":{"rendered":"http:\/\/blog.coaster.de\/wp\/?p=33885"},"modified":"2017-05-31T22:44:36","modified_gmt":"2017-05-31T20:44:36","slug":"voletarium-die-zweite","status":"publish","type":"post","link":"https:\/\/www.gruen-wald.de\/wordpress\/erlebniswelten\/voletarium-die-zweite\/","title":{"rendered":"Voletarium, die zweite"},"content":{"rendered":"<p><img decoding=\"async\" class=\"alignnone alignright\" src=\"http:\/\/blog.coaster.de\/wp\/wp-content\/uploads\/2017\/05\/DBGcglTXUAECGDN.jpg\" alt=\"\" width=\"150\" \/>Und weil&#8217;s so sch\u00f6n ist werfe ich gleich noch eine Voletarium-News hinterher: F\u00fcr alle, die sich f\u00fcr die neue Attraktion interessieren, gibt es nun auch ein letztes Interview mit EP-Gesch\u00e4ftsf\u00fchrer Michael Mack zum neuen Flying Theater. Und zwar hier:<\/p>\n<p><a href=\"https:\/\/s3.eu-central-1.amazonaws.com\/epradio\/talk\/20170531_Voletarium_Special_MM_1.mp3\">Teil 1<\/a><br \/>\n<a href=\"https:\/\/s3.eu-central-1.amazonaws.com\/epradio\/talk\/20170531_Voletarium_Special_MM_2.mp3\">Teil 2<\/a><br \/>\n<a href=\"http:\/\/radio.europapark.de\/download\/talk\/20170531_Voletarium_Special_MM_3.mp3\">Teil 3<\/a><\/p>\n<p>Und noch eine News gibt es: Das Voletarium, <a href=\"https:\/\/twitter.com\/MichaelMack\/status\/869895024875536385\">das heute bereits f\u00fcr Hotelg\u00e4ste ge\u00f6ffnet hatte<\/a>, ist <a href=\"https:\/\/twitter.com\/MichaelMack\/status\/869984814421692431\">ab Samstag auch f\u00fcr die Allgemeinheit zug\u00e4nglich<\/a>.<\/p>\n","protected":false},"excerpt":{"rendered":"<p>Und weil&#8217;s so sch\u00f6n ist werfe ich gleich noch eine Voletarium-News hinterher: F\u00fcr alle, die sich f\u00fcr die neue Attraktion&hellip;<\/p>\n","protected":false},"author":1,"featured_media":0,"comment_status":"open","ping_status":"open","sticky":false,"template":"","format":"standard","meta":{"footnotes":"","_links_to":"","_links_to_target":""},"categories":[5],"tags":[],"class_list":["post-33885","post","type-post","status-publish","format-standard","hentry","category-erlebniswelten"],"_links":{"self":[{"href":"https:\/\/www.gruen-wald.de\/wordpress\/wp-json\/wp\/v2\/posts\/33885","targetHints":{"allow":["GET"]}}],"collection":[{"href":"https:\/\/www.gruen-wald.de\/wordpress\/wp-json\/wp\/v2\/posts"}],"about":[{"href":"https:\/\/www.gruen-wald.de\/wordpress\/wp-json\/wp\/v2\/types\/post"}],"author":[{"embeddable":true,"href":"https:\/\/www.gruen-wald.de\/wordpress\/wp-json\/wp\/v2\/users\/1"}],"replies":[{"embeddable":true,"href":"https:\/\/www.gruen-wald.de\/wordpress\/wp-json\/wp\/v2\/comments?post=33885"}],"version-history":[{"count":0,"href":"https:\/\/www.gruen-wald.de\/wordpress\/wp-json\/wp\/v2\/posts\/33885\/revisions"}],"wp:attachment":[{"href":"https:\/\/www.gruen-wald.de\/wordpress\/wp-json\/wp\/v2\/media?parent=33885"}],"wp:term":[{"taxonomy":"category","embeddable":true,"href":"https:\/\/www.gruen-wald.de\/wordpress\/wp-json\/wp\/v2\/categories?post=33885"},{"taxonomy":"post_tag","embeddable":true,"href":"https:\/\/www.gruen-wald.de\/wordpress\/wp-json\/wp\/v2\/tags?post=33885"}],"curies":[{"name":"wp","href":"https:\/\/api.w.org\/{rel}","templated":true}]}}