{"id":33823,"date":"2017-05-11T08:22:32","date_gmt":"2017-05-11T06:22:32","guid":{"rendered":"http:\/\/blog.coaster.de\/wp\/?p=33823"},"modified":"2017-05-11T08:22:32","modified_gmt":"2017-05-11T06:22:32","slug":"auf-den-pendling","status":"publish","type":"post","link":"https:\/\/www.gruen-wald.de\/wordpress\/film-kultur\/auf-den-pendling\/","title":{"rendered":"Auf den Pendling"},"content":{"rendered":"<p>Eine Tour vom Gasthof Schneeberg auf den Pendling und das Pendlinghaus. Eine klassische Halbtagestour im Kufsteiner Land mit toller Aussicht auf den Zahmen und Wilden Kaiser sowie auf Kustein. Aufstieg \u00fcber den direkten Weg, R\u00fcckweg \u00fcber die Kala-Alm.<\/p>\n<p>(Da ich ja finde, dass Berge auch immer was ehrf\u00fcrchtiges haben heute mal mit einem melancholischen Lied. Damit ihr aber nicht v\u00f6llig traurig aus dem Video geht, gibt es am Schluss noch einen kleinen Uplifter). \ud83d\ude09<\/p>\n<p style=\"text-align: center;\"><iframe loading=\"lazy\" width=\"560\" height=\"315\" src=\"https:\/\/www.youtube-nocookie.com\/embed\/2KH206JNTzE?rel=0\" frameborder=\"0\" allowfullscreen><\/iframe><\/p>\n","protected":false},"excerpt":{"rendered":"<p>Eine Tour vom Gasthof Schneeberg auf den Pendling und das Pendlinghaus. Eine klassische Halbtagestour im Kufsteiner Land mit toller Aussicht&hellip;<\/p>\n","protected":false},"author":1,"featured_media":0,"comment_status":"open","ping_status":"open","sticky":false,"template":"","format":"standard","meta":{"footnotes":"","_links_to":"","_links_to_target":""},"categories":[7],"tags":[],"class_list":["post-33823","post","type-post","status-publish","format-standard","hentry","category-film-kultur"],"_links":{"self":[{"href":"https:\/\/www.gruen-wald.de\/wordpress\/wp-json\/wp\/v2\/posts\/33823"}],"collection":[{"href":"https:\/\/www.gruen-wald.de\/wordpress\/wp-json\/wp\/v2\/posts"}],"about":[{"href":"https:\/\/www.gruen-wald.de\/wordpress\/wp-json\/wp\/v2\/types\/post"}],"author":[{"embeddable":true,"href":"https:\/\/www.gruen-wald.de\/wordpress\/wp-json\/wp\/v2\/users\/1"}],"replies":[{"embeddable":true,"href":"https:\/\/www.gruen-wald.de\/wordpress\/wp-json\/wp\/v2\/comments?post=33823"}],"version-history":[{"count":0,"href":"https:\/\/www.gruen-wald.de\/wordpress\/wp-json\/wp\/v2\/posts\/33823\/revisions"}],"wp:attachment":[{"href":"https:\/\/www.gruen-wald.de\/wordpress\/wp-json\/wp\/v2\/media?parent=33823"}],"wp:term":[{"taxonomy":"category","embeddable":true,"href":"https:\/\/www.gruen-wald.de\/wordpress\/wp-json\/wp\/v2\/categories?post=33823"},{"taxonomy":"post_tag","embeddable":true,"href":"https:\/\/www.gruen-wald.de\/wordpress\/wp-json\/wp\/v2\/tags?post=33823"}],"curies":[{"name":"wp","href":"https:\/\/api.w.org\/{rel}","templated":true}]}}