{"id":33807,"date":"2017-05-06T21:01:54","date_gmt":"2017-05-06T19:01:54","guid":{"rendered":"http:\/\/blog.coaster.de\/wp\/?p=33807"},"modified":"2017-05-06T21:01:54","modified_gmt":"2017-05-06T19:01:54","slug":"rom-fotos-iii","status":"publish","type":"post","link":"https:\/\/www.gruen-wald.de\/wordpress\/fotos\/rom-fotos-iii\/","title":{"rendered":"Rom &#8211; Fotos (III)"},"content":{"rendered":"<p>Das Forum Romanum in Rom ist das \u00e4lteste r\u00f6mische Forum und war Mittelpunkt des politischen, wirtschaftlichen, kulturellen und religi\u00f6sen Lebens &#8211; schon beeindruckend, wenn man sich die \u00dcberreste heute anschaut!<\/p>\n<a href=\"https:\/\/lh3.googleusercontent.com\/-2HMob6c7rUo\/WQ4bW7_Z1bI\/AAAAAAAAh20\/ks4GT3ev1kUPcbE5Go1mDb9MjJtE19xhQCHM\/s0\/panorama_forumromanum.jpg\" link=\"https:\/\/picasaweb.google.com\/113824209050614417867\/6417096600383803281#6417096599924233650\" title=\"\" class=\"photoswipe\" rel=\"post-33807\"  data-size=\"8182x4138\"><img decoding=\"async\" src=\"https:\/\/lh3.googleusercontent.com\/-2HMob6c7rUo\/WQ4bW7_Z1bI\/AAAAAAAAh20\/ks4GT3ev1kUPcbE5Go1mDb9MjJtE19xhQCHM\/w400-o\/panorama_forumromanum.jpg\" alt=\"panorama_forumromanum.jpg\" title=\"\" class=\"alignleft peg-photo\"  \/><\/a>\n<a href=\"https:\/\/lh3.googleusercontent.com\/-pJW3wZHdYh4\/WQ4bW9njQdI\/AAAAAAAAh20\/ZxBhCP0armUS0Pl2cJqVSt_D8pT7NDZ0gCHM\/s0\/P1240459.jpg\" link=\"https:\/\/picasaweb.google.com\/113824209050614417867\/6417096600383803281#6417096600361058770\" title=\"\" class=\"photoswipe\" rel=\"post-33807\"  data-size=\"2248x4000\"><img decoding=\"async\" src=\"https:\/\/lh3.googleusercontent.com\/-pJW3wZHdYh4\/WQ4bW9njQdI\/AAAAAAAAh20\/ZxBhCP0armUS0Pl2cJqVSt_D8pT7NDZ0gCHM\/w400-o\/P1240459.jpg\" alt=\"P1240459.jpg\" title=\"\" class=\"alignleft peg-photo\"  \/><\/a>\n<a href=\"https:\/\/lh3.googleusercontent.com\/-kRM3iiSKdr0\/WQ4bW18FsGI\/AAAAAAAAh20\/AsiFSGVESuwvLtzyTJFaww0OaY7SXi2NACHM\/s0\/P1240455.jpg\" link=\"https:\/\/picasaweb.google.com\/113824209050614417867\/6417096600383803281#6417096598299717730\" title=\"\" class=\"photoswipe\" rel=\"post-33807\"  data-size=\"4000x2248\"><img decoding=\"async\" src=\"https:\/\/lh3.googleusercontent.com\/-kRM3iiSKdr0\/WQ4bW18FsGI\/AAAAAAAAh20\/AsiFSGVESuwvLtzyTJFaww0OaY7SXi2NACHM\/w400-o\/P1240455.jpg\" alt=\"P1240455.jpg\" title=\"\" class=\"alignleft peg-photo\"  \/><\/a>\n<a href=\"https:\/\/lh3.googleusercontent.com\/-n2iu6m6jKt4\/WQ4bWzQEQjI\/AAAAAAAAh20\/H8Sr52RCvsQJq_9c_NttkWjxpDgdNQklQCHM\/s0\/P1240453.jpg\" link=\"https:\/\/picasaweb.google.com\/113824209050614417867\/6417096600383803281#6417096597578203698\" title=\"\" class=\"photoswipe\" rel=\"post-33807\"  data-size=\"4000x2248\"><img decoding=\"async\" src=\"https:\/\/lh3.googleusercontent.com\/-n2iu6m6jKt4\/WQ4bWzQEQjI\/AAAAAAAAh20\/H8Sr52RCvsQJq_9c_NttkWjxpDgdNQklQCHM\/w400-o\/P1240453.jpg\" alt=\"P1240453.jpg\" title=\"\" class=\"alignleft peg-photo\"  \/><\/a>\n<a href=\"https:\/\/lh3.googleusercontent.com\/-pmzZm4PoNoU\/WQ4bW7J0iPI\/AAAAAAAAh20\/vZ4bD36oZOgESwNbKweSd9MSyGsPK8SJQCHM\/s0\/P1240460.jpg\" link=\"https:\/\/picasaweb.google.com\/113824209050614417867\/6417096600383803281#6417096599699491058\" title=\"\" class=\"photoswipe\" rel=\"post-33807\"  data-size=\"4000x2248\"><img decoding=\"async\" src=\"https:\/\/lh3.googleusercontent.com\/-pmzZm4PoNoU\/WQ4bW7J0iPI\/AAAAAAAAh20\/vZ4bD36oZOgESwNbKweSd9MSyGsPK8SJQCHM\/w400-o\/P1240460.jpg\" alt=\"P1240460.jpg\" title=\"\" class=\"alignleft peg-photo\"  \/><\/a>\n<a href=\"https:\/\/lh3.googleusercontent.com\/-i-gPtXnhmzU\/WQ4bWz74dCI\/AAAAAAAAh20\/bk2t4lWFHagrHDEWjODdAaYm7bVigya5wCHM\/s0\/P1240452.jpg\" link=\"https:\/\/picasaweb.google.com\/113824209050614417867\/6417096600383803281#6417096597761979426\" title=\"\" class=\"photoswipe\" rel=\"post-33807\"  data-size=\"4000x2248\"><img decoding=\"async\" src=\"https:\/\/lh3.googleusercontent.com\/-i-gPtXnhmzU\/WQ4bWz74dCI\/AAAAAAAAh20\/bk2t4lWFHagrHDEWjODdAaYm7bVigya5wCHM\/w400-o\/P1240452.jpg\" alt=\"P1240452.jpg\" title=\"\" class=\"alignleft peg-photo\"  \/><\/a>\n<p class=\"clear\">\n","protected":false},"excerpt":{"rendered":"<p>Das Forum Romanum in Rom ist das \u00e4lteste r\u00f6mische Forum und war Mittelpunkt des politischen, wirtschaftlichen, kulturellen und religi\u00f6sen Lebens&hellip;<\/p>\n","protected":false},"author":1,"featured_media":0,"comment_status":"open","ping_status":"open","sticky":false,"template":"","format":"standard","meta":{"footnotes":"","_links_to":"","_links_to_target":""},"categories":[8],"tags":[],"class_list":["post-33807","post","type-post","status-publish","format-standard","hentry","category-fotos"],"_links":{"self":[{"href":"https:\/\/www.gruen-wald.de\/wordpress\/wp-json\/wp\/v2\/posts\/33807","targetHints":{"allow":["GET"]}}],"collection":[{"href":"https:\/\/www.gruen-wald.de\/wordpress\/wp-json\/wp\/v2\/posts"}],"about":[{"href":"https:\/\/www.gruen-wald.de\/wordpress\/wp-json\/wp\/v2\/types\/post"}],"author":[{"embeddable":true,"href":"https:\/\/www.gruen-wald.de\/wordpress\/wp-json\/wp\/v2\/users\/1"}],"replies":[{"embeddable":true,"href":"https:\/\/www.gruen-wald.de\/wordpress\/wp-json\/wp\/v2\/comments?post=33807"}],"version-history":[{"count":0,"href":"https:\/\/www.gruen-wald.de\/wordpress\/wp-json\/wp\/v2\/posts\/33807\/revisions"}],"wp:attachment":[{"href":"https:\/\/www.gruen-wald.de\/wordpress\/wp-json\/wp\/v2\/media?parent=33807"}],"wp:term":[{"taxonomy":"category","embeddable":true,"href":"https:\/\/www.gruen-wald.de\/wordpress\/wp-json\/wp\/v2\/categories?post=33807"},{"taxonomy":"post_tag","embeddable":true,"href":"https:\/\/www.gruen-wald.de\/wordpress\/wp-json\/wp\/v2\/tags?post=33807"}],"curies":[{"name":"wp","href":"https:\/\/api.w.org\/{rel}","templated":true}]}}