{"id":33800,"date":"2017-05-03T17:11:44","date_gmt":"2017-05-03T15:11:44","guid":{"rendered":"http:\/\/blog.coaster.de\/wp\/?p=33800"},"modified":"2017-05-03T17:11:44","modified_gmt":"2017-05-03T15:11:44","slug":"fraenkischer-duenenweg","status":"publish","type":"post","link":"https:\/\/www.gruen-wald.de\/wordpress\/film-kultur\/fraenkischer-duenenweg\/","title":{"rendered":"Fr\u00e4nkischer D\u00fcnenweg"},"content":{"rendered":"<p>Der <a href=\"http:\/\/www.wanderkompass.de\/Bayern\/fraenkischer-duenenweg.html\">fr\u00e4nkische D\u00fcnenweg<\/a> f\u00fchrt durch von Sand gepr\u00e4gte Landschaften im Landkreis N\u00fcrnberger Land. Wir haben die <strong>4. Etappe<\/strong> vom Brunner Berg bis nach Markt Feucht gemacht. Eine sch\u00f6ne Runde zum Warmlaufen im Fr\u00fchjahr, wenn in den Alpen noch (oder wie jetzt: &#8222;schon wieder&#8220;) der Schnee vorherrscht. \ud83d\ude42 Au\u00dferdem ideal mit den \u00f6ffentlichen Verkehrsmitteln zu erreichen.<\/p>\n<p style=\"text-align: center;\"><iframe loading=\"lazy\" width=\"560\" height=\"315\" src=\"https:\/\/www.youtube.com\/embed\/QJLatuhCnrE\" frameborder=\"0\" allowfullscreen><\/iframe><\/p>\n","protected":false},"excerpt":{"rendered":"<p>Der fr\u00e4nkische D\u00fcnenweg f\u00fchrt durch von Sand gepr\u00e4gte Landschaften im Landkreis N\u00fcrnberger Land. Wir haben die 4. Etappe vom Brunner&hellip;<\/p>\n","protected":false},"author":1,"featured_media":0,"comment_status":"open","ping_status":"open","sticky":false,"template":"","format":"standard","meta":{"footnotes":"","_links_to":"","_links_to_target":""},"categories":[7],"tags":[],"class_list":["post-33800","post","type-post","status-publish","format-standard","hentry","category-film-kultur"],"_links":{"self":[{"href":"https:\/\/www.gruen-wald.de\/wordpress\/wp-json\/wp\/v2\/posts\/33800","targetHints":{"allow":["GET"]}}],"collection":[{"href":"https:\/\/www.gruen-wald.de\/wordpress\/wp-json\/wp\/v2\/posts"}],"about":[{"href":"https:\/\/www.gruen-wald.de\/wordpress\/wp-json\/wp\/v2\/types\/post"}],"author":[{"embeddable":true,"href":"https:\/\/www.gruen-wald.de\/wordpress\/wp-json\/wp\/v2\/users\/1"}],"replies":[{"embeddable":true,"href":"https:\/\/www.gruen-wald.de\/wordpress\/wp-json\/wp\/v2\/comments?post=33800"}],"version-history":[{"count":0,"href":"https:\/\/www.gruen-wald.de\/wordpress\/wp-json\/wp\/v2\/posts\/33800\/revisions"}],"wp:attachment":[{"href":"https:\/\/www.gruen-wald.de\/wordpress\/wp-json\/wp\/v2\/media?parent=33800"}],"wp:term":[{"taxonomy":"category","embeddable":true,"href":"https:\/\/www.gruen-wald.de\/wordpress\/wp-json\/wp\/v2\/categories?post=33800"},{"taxonomy":"post_tag","embeddable":true,"href":"https:\/\/www.gruen-wald.de\/wordpress\/wp-json\/wp\/v2\/tags?post=33800"}],"curies":[{"name":"wp","href":"https:\/\/api.w.org\/{rel}","templated":true}]}}