{"id":33612,"date":"2017-02-24T00:01:13","date_gmt":"2017-02-23T23:01:13","guid":{"rendered":"http:\/\/blog.coaster.de\/wp\/?p=33612"},"modified":"2017-02-24T00:01:13","modified_gmt":"2017-02-23T23:01:13","slug":"fanboy-sein-fuer-projectv","status":"publish","type":"post","link":"https:\/\/www.gruen-wald.de\/wordpress\/notiz\/fanboy-sein-fuer-projectv\/","title":{"rendered":"Fanboy sein f\u00fcr #ProjectV"},"content":{"rendered":"<p>Das Interesse an #projectv, der neuen Attraktion im Europa-Park, ist bislang noch eher gering. M\u00f6glicherweise weil sich viele Leute darunter nichts vorstellen k\u00f6nnen oder, schlimmer noch, einen &#8222;outdated&#8220; Simulator der 90er erwarten. Tats\u00e4chlich wird das Ganze aber echt eine Nummer gr\u00f6\u00dfer ausfallen, was jeder wei\u00df, der schon mal in einem Flying Theater war.<\/p>\n<p>Kein Wunder also vielleicht, dass (der ebenfalls gehypte) EPManiac und ich derzeit nahezu die einzigen Fans auf der Ticker-Wall der <a href=\"http:\/\/www.project-v.eu\">offiziellen Webseite<\/a> sind. \ud83d\ude09 Mal schauen, ob sich das ab M\u00e4rz so langsam \u00e4ndert&#8230;<\/p>\n<p><img loading=\"lazy\" decoding=\"async\" class=\"aligncenter  wp-image-33613\" src=\"http:\/\/blog.coaster.de\/wp\/wp-content\/uploads\/2017\/02\/projectv-tags.png\" alt=\"projectv-#tags\" width=\"560\" height=\"339\" srcset=\"https:\/\/www.gruen-wald.de\/wordpress\/wp-content\/uploads\/2017\/02\/projectv-tags.png 1161w, https:\/\/www.gruen-wald.de\/wordpress\/wp-content\/uploads\/2017\/02\/projectv-tags-300x181.png 300w, https:\/\/www.gruen-wald.de\/wordpress\/wp-content\/uploads\/2017\/02\/projectv-tags-1024x619.png 1024w, https:\/\/www.gruen-wald.de\/wordpress\/wp-content\/uploads\/2017\/02\/projectv-tags-768x464.png 768w\" sizes=\"auto, (max-width: 560px) 100vw, 560px\" \/><\/p>\n","protected":false},"excerpt":{"rendered":"<p>Das Interesse an #projectv, der neuen Attraktion im Europa-Park, ist bislang noch eher gering. M\u00f6glicherweise weil sich viele Leute darunter&hellip;<\/p>\n","protected":false},"author":1,"featured_media":0,"comment_status":"open","ping_status":"open","sticky":false,"template":"","format":"standard","meta":{"footnotes":"","_links_to":"","_links_to_target":""},"categories":[13],"tags":[],"class_list":["post-33612","post","type-post","status-publish","format-standard","hentry","category-notiz"],"_links":{"self":[{"href":"https:\/\/www.gruen-wald.de\/wordpress\/wp-json\/wp\/v2\/posts\/33612","targetHints":{"allow":["GET"]}}],"collection":[{"href":"https:\/\/www.gruen-wald.de\/wordpress\/wp-json\/wp\/v2\/posts"}],"about":[{"href":"https:\/\/www.gruen-wald.de\/wordpress\/wp-json\/wp\/v2\/types\/post"}],"author":[{"embeddable":true,"href":"https:\/\/www.gruen-wald.de\/wordpress\/wp-json\/wp\/v2\/users\/1"}],"replies":[{"embeddable":true,"href":"https:\/\/www.gruen-wald.de\/wordpress\/wp-json\/wp\/v2\/comments?post=33612"}],"version-history":[{"count":0,"href":"https:\/\/www.gruen-wald.de\/wordpress\/wp-json\/wp\/v2\/posts\/33612\/revisions"}],"wp:attachment":[{"href":"https:\/\/www.gruen-wald.de\/wordpress\/wp-json\/wp\/v2\/media?parent=33612"}],"wp:term":[{"taxonomy":"category","embeddable":true,"href":"https:\/\/www.gruen-wald.de\/wordpress\/wp-json\/wp\/v2\/categories?post=33612"},{"taxonomy":"post_tag","embeddable":true,"href":"https:\/\/www.gruen-wald.de\/wordpress\/wp-json\/wp\/v2\/tags?post=33612"}],"curies":[{"name":"wp","href":"https:\/\/api.w.org\/{rel}","templated":true}]}}