{"id":33599,"date":"2017-02-19T00:19:05","date_gmt":"2017-02-18T23:19:05","guid":{"rendered":"http:\/\/blog.coaster.de\/wp\/?p=33599"},"modified":"2017-02-19T00:19:05","modified_gmt":"2017-02-18T23:19:05","slug":"waldgeschichtliches-museum-st-oswald","status":"publish","type":"post","link":"https:\/\/www.gruen-wald.de\/wordpress\/bildung\/waldgeschichtliches-museum-st-oswald\/","title":{"rendered":"Waldgeschichtliches Museum St. Oswald"},"content":{"rendered":"<p>Bei meinem Bayerischen-Wald-Aufenthalt hatte ich eine Stipvisite im waldgeschichtlichen Museum auf dem Programm. Was sich im Titel langweilig anh\u00f6rt las sich im Konzept n\u00e4mlich durchaus interessant. Ich hatte die Vermutung, dass sich dort mal jemand Gedanken zu einem schl\u00fcssigen Bildungskonzept gemacht hat. Zudem war der Eintritt auch noch gratis&#8230; und ich wurde nicht entt\u00e4uscht&#8230;<\/p>\n<p><img loading=\"lazy\" decoding=\"async\" class=\"aligncenter size-full wp-image-33600\" src=\"http:\/\/blog.coaster.de\/wp\/wp-content\/uploads\/2017\/02\/wgm2.jpg\" alt=\"wgm2\" width=\"560\" height=\"315\" srcset=\"https:\/\/www.gruen-wald.de\/wordpress\/wp-content\/uploads\/2017\/02\/wgm2.jpg 560w, https:\/\/www.gruen-wald.de\/wordpress\/wp-content\/uploads\/2017\/02\/wgm2-300x169.jpg 300w\" sizes=\"auto, (max-width: 560px) 100vw, 560px\" \/><\/p>\n<p>Das Museum ist eine gelungene\u00a0Mischung aus cleverer Stilistik (viele Standelemente vermitteln fast selbst das Gef\u00fchl im Wald zu sein), Erlebnisp\u00e4dagogik (u.a. eine Magma-Kammer) und klassischer Wissensvermittlung (in Form aller m\u00f6glichen Medien von Audio bis Haptik). Mir hat der Rundumschlag, der mit Sicherheit nicht so leicht unter einen Hut zu bringen war, sehr gut gefallen. Kritisieren w\u00fcrde ich das &#8222;Wald vor lauter B\u00e4umen&#8220;-Problem, das sich durch so viel geballtes Programm auf sehr kleinem Raum zwangsl\u00e4ufig einstellt. Wer mal in St. Oswald ist sollte dort durchaus\u00a0<a href=\"http:\/\/www.nationalpark-bayerischer-wald.de\/wgm\/\">mal reinschauen<\/a>.<\/p>\n","protected":false},"excerpt":{"rendered":"<p>Bei meinem Bayerischen-Wald-Aufenthalt hatte ich eine Stipvisite im waldgeschichtlichen Museum auf dem Programm. Was sich im Titel langweilig anh\u00f6rt las&hellip;<\/p>\n","protected":false},"author":1,"featured_media":0,"comment_status":"open","ping_status":"open","sticky":false,"template":"","format":"standard","meta":{"footnotes":"","_links_to":"","_links_to_target":""},"categories":[3],"tags":[],"class_list":["post-33599","post","type-post","status-publish","format-standard","hentry","category-bildung"],"_links":{"self":[{"href":"https:\/\/www.gruen-wald.de\/wordpress\/wp-json\/wp\/v2\/posts\/33599","targetHints":{"allow":["GET"]}}],"collection":[{"href":"https:\/\/www.gruen-wald.de\/wordpress\/wp-json\/wp\/v2\/posts"}],"about":[{"href":"https:\/\/www.gruen-wald.de\/wordpress\/wp-json\/wp\/v2\/types\/post"}],"author":[{"embeddable":true,"href":"https:\/\/www.gruen-wald.de\/wordpress\/wp-json\/wp\/v2\/users\/1"}],"replies":[{"embeddable":true,"href":"https:\/\/www.gruen-wald.de\/wordpress\/wp-json\/wp\/v2\/comments?post=33599"}],"version-history":[{"count":0,"href":"https:\/\/www.gruen-wald.de\/wordpress\/wp-json\/wp\/v2\/posts\/33599\/revisions"}],"wp:attachment":[{"href":"https:\/\/www.gruen-wald.de\/wordpress\/wp-json\/wp\/v2\/media?parent=33599"}],"wp:term":[{"taxonomy":"category","embeddable":true,"href":"https:\/\/www.gruen-wald.de\/wordpress\/wp-json\/wp\/v2\/categories?post=33599"},{"taxonomy":"post_tag","embeddable":true,"href":"https:\/\/www.gruen-wald.de\/wordpress\/wp-json\/wp\/v2\/tags?post=33599"}],"curies":[{"name":"wp","href":"https:\/\/api.w.org\/{rel}","templated":true}]}}