{"id":33303,"date":"2016-11-16T00:46:29","date_gmt":"2016-11-15T23:46:29","guid":{"rendered":"http:\/\/blog.coaster.de\/wp\/?p=33303"},"modified":"2016-11-16T00:46:29","modified_gmt":"2016-11-15T23:46:29","slug":"sicherheitsgarantnation","status":"publish","type":"post","link":"https:\/\/www.gruen-wald.de\/wordpress\/gesellschaft\/sicherheitsgarantnation\/","title":{"rendered":"&#8222;Sicherheitsgarantnation&#8220;"},"content":{"rendered":"<p>Wer immer noch nicht genug von Donald-Trump-Analysen hat oder sich immer noch im Panik-Modus befindet, dem kann ich den wie immer genug distanzierten aber trotzdem unterhaltsam-pers\u00f6nlichen Podcast von Tilo &amp; Stefan empfehlen, welche die Wahlkampfberichterstattung sehr gut aus medienwissnschaftlicher und soziologischer Sicht verfolgt und \u00fcberall die richtigen Vorhersagen getroffen hatten. Im Podcast von gestern treffen sie jetzt erste Vorhersagen dar\u00fcber, wer wirklich hinter Trump steckt und was uns m\u00f6glicherweise erwartet.<\/p>\n<p>Ich teile ja die Einsch\u00e4tzung, dass er bis zum Sieg prim\u00e4r eine Rolle gespielt hat, um \u00fcberhaupt eine Chance auf die Pr\u00e4sidentschaft zu haben. Zu sehr war die komplette Wahl bei ihm ein perfektes Hollywooddrehbuch, bei dem am Ende der Underdog gewinnt. Das Ding war Marketing-Storytelling par exellence. Was nun wirklich kommt, finde ich schwer (und auch etwas gef\u00e4hrlich) vorherzusagen, aber Stefan hat ein paar gute Anhaltspunkte in Videoform mitgebracht und spekuliert.<\/p>\n<p><a href=\"https:\/\/player.vimeo.com\/video\/191661066\">Hier geht&#8217;s zum Podcast in Videoform<\/a>, hier <a href=\"https:\/\/aufwachen-podcast.de\/\">zur Podcast-Seite<\/a>.\u00a0Kann man durchaus mal reinschauen, finde ich!<\/p>\n","protected":false},"excerpt":{"rendered":"<p>Wer immer noch nicht genug von Donald-Trump-Analysen hat oder sich immer noch im Panik-Modus befindet, dem kann ich den wie&hellip;<\/p>\n","protected":false},"author":1,"featured_media":0,"comment_status":"open","ping_status":"open","sticky":false,"template":"","format":"standard","meta":{"footnotes":"","_links_to":"","_links_to_target":""},"categories":[10,11],"tags":[],"class_list":["post-33303","post","type-post","status-publish","format-standard","hentry","category-gesellschaft","category-internet-co"],"_links":{"self":[{"href":"https:\/\/www.gruen-wald.de\/wordpress\/wp-json\/wp\/v2\/posts\/33303"}],"collection":[{"href":"https:\/\/www.gruen-wald.de\/wordpress\/wp-json\/wp\/v2\/posts"}],"about":[{"href":"https:\/\/www.gruen-wald.de\/wordpress\/wp-json\/wp\/v2\/types\/post"}],"author":[{"embeddable":true,"href":"https:\/\/www.gruen-wald.de\/wordpress\/wp-json\/wp\/v2\/users\/1"}],"replies":[{"embeddable":true,"href":"https:\/\/www.gruen-wald.de\/wordpress\/wp-json\/wp\/v2\/comments?post=33303"}],"version-history":[{"count":0,"href":"https:\/\/www.gruen-wald.de\/wordpress\/wp-json\/wp\/v2\/posts\/33303\/revisions"}],"wp:attachment":[{"href":"https:\/\/www.gruen-wald.de\/wordpress\/wp-json\/wp\/v2\/media?parent=33303"}],"wp:term":[{"taxonomy":"category","embeddable":true,"href":"https:\/\/www.gruen-wald.de\/wordpress\/wp-json\/wp\/v2\/categories?post=33303"},{"taxonomy":"post_tag","embeddable":true,"href":"https:\/\/www.gruen-wald.de\/wordpress\/wp-json\/wp\/v2\/tags?post=33303"}],"curies":[{"name":"wp","href":"https:\/\/api.w.org\/{rel}","templated":true}]}}