{"id":33153,"date":"2016-09-29T10:36:05","date_gmt":"2016-09-29T08:36:05","guid":{"rendered":"http:\/\/blog.coaster.de\/wp\/?p=33153"},"modified":"2016-09-29T10:36:05","modified_gmt":"2016-09-29T08:36:05","slug":"dubai-themenparks-kommen-spaeter-wie-immer","status":"publish","type":"post","link":"https:\/\/www.gruen-wald.de\/wordpress\/erlebniswelten\/dubai-themenparks-kommen-spaeter-wie-immer\/","title":{"rendered":"Dubai Themenparks kommen sp\u00e4ter &#8211; wie immer"},"content":{"rendered":"<p>Was Insider schon berichteten, hat Dubai Parks and Resorts jetzt best\u00e4tigt: Sie er\u00f6ffnen am 31. Oktober nur einen der geplanten Parks, n\u00e4mlich Legoland Dubai. Bollywood Parks soll fr\u00fchestens am 15. November folgen w\u00e4hrend Motiongate sogar erst am 16. Dezember er\u00f6ffnet. Riverland als Hub-District soll bereits mit dem Legoland \u00f6ffnen.<\/p>\n<p>Bei den aktuellen Bildern von der Baustelle wundert das auch nicht n\u00e4her. Vielleicht ganz gut, dass ich noch keinen Flug gebucht habe. \ud83d\ude09<\/p>\n<p style=\"text-align: center;\"><iframe loading=\"lazy\" width=\"560\" height=\"315\" src=\"https:\/\/www.youtube.com\/embed\/WOCYuIMbVIk?rel=0\" frameborder=\"0\" allowfullscreen><\/iframe><\/p>\n","protected":false},"excerpt":{"rendered":"<p>Was Insider schon berichteten, hat Dubai Parks and Resorts jetzt best\u00e4tigt: Sie er\u00f6ffnen am 31. Oktober nur einen der geplanten&hellip;<\/p>\n","protected":false},"author":1,"featured_media":0,"comment_status":"open","ping_status":"open","sticky":false,"template":"","format":"standard","meta":{"footnotes":"","_links_to":"","_links_to_target":""},"categories":[5],"tags":[],"class_list":["post-33153","post","type-post","status-publish","format-standard","hentry","category-erlebniswelten"],"_links":{"self":[{"href":"https:\/\/www.gruen-wald.de\/wordpress\/wp-json\/wp\/v2\/posts\/33153"}],"collection":[{"href":"https:\/\/www.gruen-wald.de\/wordpress\/wp-json\/wp\/v2\/posts"}],"about":[{"href":"https:\/\/www.gruen-wald.de\/wordpress\/wp-json\/wp\/v2\/types\/post"}],"author":[{"embeddable":true,"href":"https:\/\/www.gruen-wald.de\/wordpress\/wp-json\/wp\/v2\/users\/1"}],"replies":[{"embeddable":true,"href":"https:\/\/www.gruen-wald.de\/wordpress\/wp-json\/wp\/v2\/comments?post=33153"}],"version-history":[{"count":0,"href":"https:\/\/www.gruen-wald.de\/wordpress\/wp-json\/wp\/v2\/posts\/33153\/revisions"}],"wp:attachment":[{"href":"https:\/\/www.gruen-wald.de\/wordpress\/wp-json\/wp\/v2\/media?parent=33153"}],"wp:term":[{"taxonomy":"category","embeddable":true,"href":"https:\/\/www.gruen-wald.de\/wordpress\/wp-json\/wp\/v2\/categories?post=33153"},{"taxonomy":"post_tag","embeddable":true,"href":"https:\/\/www.gruen-wald.de\/wordpress\/wp-json\/wp\/v2\/tags?post=33153"}],"curies":[{"name":"wp","href":"https:\/\/api.w.org\/{rel}","templated":true}]}}