{"id":33046,"date":"2016-08-29T00:01:33","date_gmt":"2016-08-28T22:01:33","guid":{"rendered":"http:\/\/blog.coaster.de\/wp\/?p=33046"},"modified":"2016-08-29T00:01:33","modified_gmt":"2016-08-28T22:01:33","slug":"jugendverderbernacht-nr-30","status":"publish","type":"post","link":"https:\/\/www.gruen-wald.de\/wordpress\/film-kultur\/jugendverderbernacht-nr-30\/","title":{"rendered":"Jugendverderbernacht Nr. 30"},"content":{"rendered":"<p>Wegen Zeitmangel und vollem Terminkalender mehr ein provisorischer Mitschnitt, aber als Erinnerungsst\u00fctze und f\u00fcrs Filmeinf\u00fchrungs-Archiv reicht es allemal! Danke wie immer an den Verderber! Das war herausragend postapokalyptisch!<\/p>\n<p style=\"text-align: center;\"><iframe loading=\"lazy\" src=\"https:\/\/www.youtube.com\/embed\/JXfRv5W1r_k?rel=0\" width=\"560\" height=\"315\" frameborder=\"0\" allowfullscreen=\"allowfullscreen\"><\/iframe><\/p>\n","protected":false},"excerpt":{"rendered":"<p>Wegen Zeitmangel und vollem Terminkalender mehr ein provisorischer Mitschnitt, aber als Erinnerungsst\u00fctze und f\u00fcrs Filmeinf\u00fchrungs-Archiv reicht es allemal! Danke wie&hellip;<\/p>\n","protected":false},"author":1,"featured_media":0,"comment_status":"open","ping_status":"open","sticky":false,"template":"","format":"standard","meta":{"footnotes":"","_links_to":"","_links_to_target":""},"categories":[7],"tags":[],"class_list":["post-33046","post","type-post","status-publish","format-standard","hentry","category-film-kultur"],"_links":{"self":[{"href":"https:\/\/www.gruen-wald.de\/wordpress\/wp-json\/wp\/v2\/posts\/33046","targetHints":{"allow":["GET"]}}],"collection":[{"href":"https:\/\/www.gruen-wald.de\/wordpress\/wp-json\/wp\/v2\/posts"}],"about":[{"href":"https:\/\/www.gruen-wald.de\/wordpress\/wp-json\/wp\/v2\/types\/post"}],"author":[{"embeddable":true,"href":"https:\/\/www.gruen-wald.de\/wordpress\/wp-json\/wp\/v2\/users\/1"}],"replies":[{"embeddable":true,"href":"https:\/\/www.gruen-wald.de\/wordpress\/wp-json\/wp\/v2\/comments?post=33046"}],"version-history":[{"count":0,"href":"https:\/\/www.gruen-wald.de\/wordpress\/wp-json\/wp\/v2\/posts\/33046\/revisions"}],"wp:attachment":[{"href":"https:\/\/www.gruen-wald.de\/wordpress\/wp-json\/wp\/v2\/media?parent=33046"}],"wp:term":[{"taxonomy":"category","embeddable":true,"href":"https:\/\/www.gruen-wald.de\/wordpress\/wp-json\/wp\/v2\/categories?post=33046"},{"taxonomy":"post_tag","embeddable":true,"href":"https:\/\/www.gruen-wald.de\/wordpress\/wp-json\/wp\/v2\/tags?post=33046"}],"curies":[{"name":"wp","href":"https:\/\/api.w.org\/{rel}","templated":true}]}}