{"id":32960,"date":"2016-07-27T22:33:16","date_gmt":"2016-07-27T20:33:16","guid":{"rendered":"http:\/\/blog.coaster.de\/wp\/?p=32960"},"modified":"2016-07-27T22:33:16","modified_gmt":"2016-07-27T20:33:16","slug":"gamescom-ueberarbeitet-sicherheitskonzept","status":"publish","type":"post","link":"https:\/\/www.gruen-wald.de\/wordpress\/games\/gamescom-ueberarbeitet-sicherheitskonzept\/","title":{"rendered":"gamescom \u00fcberarbeitet Sicherheitskonzept"},"content":{"rendered":"<p>F\u00fcr die diesj\u00e4hrige Games-Messe in K\u00f6ln werden rund eine halbe Million Menschen erwartet. Die Tagestickets sind bereits ausverkauft. Nun soll das Sicherheitskonzept der <strong>gamescom<\/strong> noch einmal auf den Pr\u00fcfstand.\u00a0Bereits vor zwei Jahren hatten wir bei Adventure-Treff die Sicherheitslage der \u00fcberlaufenen Messehallen <a class=\"kleinlink\" href=\"http:\/\/www.adventure-treff.de\/artikel\/volltreffer.php?id=28\">in einem Kommentar kritisch be\u00e4ugt<\/a>. Ausschlaggebender Grund f\u00fcr die \u00dcberarbeitung seien die Ereignisse in M\u00fcnchen, Nizza und Ansbach, hei\u00dft es. Details zu den Ma\u00dfnahmen wurden nicht genannt.<\/p>\n","protected":false},"excerpt":{"rendered":"<p>F\u00fcr die diesj\u00e4hrige Games-Messe in K\u00f6ln werden rund eine halbe Million Menschen erwartet. Die Tagestickets sind bereits ausverkauft. Nun soll&hellip;<\/p>\n","protected":false},"author":1,"featured_media":0,"comment_status":"open","ping_status":"open","sticky":false,"template":"","format":"standard","meta":{"footnotes":"","_links_to":"","_links_to_target":""},"categories":[9],"tags":[],"class_list":["post-32960","post","type-post","status-publish","format-standard","hentry","category-games"],"_links":{"self":[{"href":"https:\/\/www.gruen-wald.de\/wordpress\/wp-json\/wp\/v2\/posts\/32960","targetHints":{"allow":["GET"]}}],"collection":[{"href":"https:\/\/www.gruen-wald.de\/wordpress\/wp-json\/wp\/v2\/posts"}],"about":[{"href":"https:\/\/www.gruen-wald.de\/wordpress\/wp-json\/wp\/v2\/types\/post"}],"author":[{"embeddable":true,"href":"https:\/\/www.gruen-wald.de\/wordpress\/wp-json\/wp\/v2\/users\/1"}],"replies":[{"embeddable":true,"href":"https:\/\/www.gruen-wald.de\/wordpress\/wp-json\/wp\/v2\/comments?post=32960"}],"version-history":[{"count":0,"href":"https:\/\/www.gruen-wald.de\/wordpress\/wp-json\/wp\/v2\/posts\/32960\/revisions"}],"wp:attachment":[{"href":"https:\/\/www.gruen-wald.de\/wordpress\/wp-json\/wp\/v2\/media?parent=32960"}],"wp:term":[{"taxonomy":"category","embeddable":true,"href":"https:\/\/www.gruen-wald.de\/wordpress\/wp-json\/wp\/v2\/categories?post=32960"},{"taxonomy":"post_tag","embeddable":true,"href":"https:\/\/www.gruen-wald.de\/wordpress\/wp-json\/wp\/v2\/tags?post=32960"}],"curies":[{"name":"wp","href":"https:\/\/api.w.org\/{rel}","templated":true}]}}