{"id":32896,"date":"2016-07-11T20:19:56","date_gmt":"2016-07-11T18:19:56","guid":{"rendered":"http:\/\/blog.coaster.de\/wp\/?p=32896"},"modified":"2016-07-11T20:19:56","modified_gmt":"2016-07-11T18:19:56","slug":"europa-park-startet-radio","status":"publish","type":"post","link":"https:\/\/www.gruen-wald.de\/wordpress\/erlebniswelten\/europa-park-startet-radio\/","title":{"rendered":"Europa Park startet Radio"},"content":{"rendered":"<p><a href=\"http:\/\/lh4.ggpht.com\/_FsMekEggo6A\/TaieJCe_ywI\/AAAAAAAAKqQ\/arHNVrl5Cg0\/P1030764.jpg?imgmax=800\" rel=\"lightbox[2011-3-5-21-59-31]\"><img loading=\"lazy\" decoding=\"async\" class=\"alignright\" src=\"http:\/\/blog.coaster.de\/wp\/wp-content\/uploads\/P10307648.jpg\" alt=\"P1030764.jpg\" width=\"160\" height=\"160\" \/><\/a>Mit dem Europa-Park Radio schlie\u00dft der Park eine weitere L\u00fccke zum Disneyland Paris. Dort gibt es schon l\u00e4nger das <a href=\"http:\/\/static.infomaniak.ch\/infomaniak\/radio\/html\/webradio_player.html\">Disney Village Radio<\/a> &#8211; eine eigene Radiostation, die den Au\u00dfenbereich des Parks brandet und Besucher mit Resort-Informationen versorgt, auch via Internet.<\/p>\n<p>Das Europa-Park Radio startet offiziell zur Er\u00f6ffnung des irischen Themenbereichs und dient nat\u00fcrlich in erster Linie dazu, volle Kontrolle \u00fcber die Beschallung zu haben &#8211; auch dort, wo man keine Themenmusik einspielen m\u00f6chte. Der Radiocharakter bleibt, wird aber durch reines Sale-Radio ersetzt. Schlechte Nachrichten d\u00fcrften in den News wohl eher nicht zu h\u00f6ren sein, daf\u00fcr die ein oder andere Resort-News f\u00fcr mehr Upselling und Dauerberieselung von Interessenten via Netz. \ud83d\ude09<\/p>\n<p>Wer mal reinh\u00f6ren m\u00f6chte kann dies bereits <strong><a href=\"http:\/\/radio.europapark.de\/\">heute hier tun<\/a>.<\/strong><\/p>\n","protected":false},"excerpt":{"rendered":"<p>Mit dem Europa-Park Radio schlie\u00dft der Park eine weitere L\u00fccke zum Disneyland Paris. Dort gibt es schon l\u00e4nger das Disney&hellip;<\/p>\n","protected":false},"author":1,"featured_media":0,"comment_status":"open","ping_status":"open","sticky":false,"template":"","format":"standard","meta":{"footnotes":"","_links_to":"","_links_to_target":""},"categories":[5],"tags":[],"class_list":["post-32896","post","type-post","status-publish","format-standard","hentry","category-erlebniswelten"],"_links":{"self":[{"href":"https:\/\/www.gruen-wald.de\/wordpress\/wp-json\/wp\/v2\/posts\/32896","targetHints":{"allow":["GET"]}}],"collection":[{"href":"https:\/\/www.gruen-wald.de\/wordpress\/wp-json\/wp\/v2\/posts"}],"about":[{"href":"https:\/\/www.gruen-wald.de\/wordpress\/wp-json\/wp\/v2\/types\/post"}],"author":[{"embeddable":true,"href":"https:\/\/www.gruen-wald.de\/wordpress\/wp-json\/wp\/v2\/users\/1"}],"replies":[{"embeddable":true,"href":"https:\/\/www.gruen-wald.de\/wordpress\/wp-json\/wp\/v2\/comments?post=32896"}],"version-history":[{"count":0,"href":"https:\/\/www.gruen-wald.de\/wordpress\/wp-json\/wp\/v2\/posts\/32896\/revisions"}],"wp:attachment":[{"href":"https:\/\/www.gruen-wald.de\/wordpress\/wp-json\/wp\/v2\/media?parent=32896"}],"wp:term":[{"taxonomy":"category","embeddable":true,"href":"https:\/\/www.gruen-wald.de\/wordpress\/wp-json\/wp\/v2\/categories?post=32896"},{"taxonomy":"post_tag","embeddable":true,"href":"https:\/\/www.gruen-wald.de\/wordpress\/wp-json\/wp\/v2\/tags?post=32896"}],"curies":[{"name":"wp","href":"https:\/\/api.w.org\/{rel}","templated":true}]}}