{"id":32893,"date":"2016-07-10T18:45:02","date_gmt":"2016-07-10T16:45:02","guid":{"rendered":"http:\/\/blog.coaster.de\/wp\/?p=32893"},"modified":"2016-07-10T18:45:02","modified_gmt":"2016-07-10T16:45:02","slug":"deutsches-u-boot-heimlich-in-schweden-erstaunliche-reaktion-der-regierungssprecher","status":"publish","type":"post","link":"https:\/\/www.gruen-wald.de\/wordpress\/gesellschaft\/deutsches-u-boot-heimlich-in-schweden-erstaunliche-reaktion-der-regierungssprecher\/","title":{"rendered":"Deutsches U-Boot heimlich in Schweden: Erstaunliche Reaktion der Regierungssprecher"},"content":{"rendered":"<p>Kann sich jemand an die U-Boot-Skandale in Schweden erinnern? Unter Wikipedia sind\u00a0<a href=\"https:\/\/de.wikipedia.org\/wiki\/U-Boot-Vorf%C3%A4lle_in_Schweden\">die hier verzeichnet<\/a>.<\/p>\n<p>Es handelt sich dabei um U-Boot-Sichtungen, die immer wieder fremden, in j\u00fcngster Zeit prim\u00e4r russischen U-Booten in die Schuhe geschoben und das dann als Provokation gedeutet wurden. Die Vorf\u00e4lle wurden genutzt, um die Angst gegen\u00fcber Russland zu n\u00e4hren und gleichzeitig die \u00dcberwachung der Grenzen und das Milit\u00e4retat zu st\u00e4rken. Effektiv handelt es sich dabei also um eine false flag, wie auch Wikipedia berichtet:<\/p>\n<blockquote><p>&#8222;2016 wurde bekannt, dass eigene U-Boote Ursache f\u00fcr vermeintlich fremde Sonar-Signale verantwortlich waren. Zuvor hatte dieser Vorfall, in Zuge der Wahrnehmung der Bedrohung durch Russland, zur Erh\u00f6hung des Milit\u00e4retats Schwedens beigetragen: (&#8230;) Verschl\u00fcsselte Sendungen auf einer von russischen Einheiten benutzten Notfrequenz wurden aufgezeichnet. Es k\u00f6nne sich um die Kommunikation eines U-Bootes mit einem Milit\u00e4rst\u00fctzpunkt in Kaliningrad handeln. Kurz darauf r\u00e4umte das schwedische Milit\u00e4r ein, Details bewusst falsch gemeldet zu haben, unter der Begr\u00fcndung, Auslandsdienste \u00fcber die Erkenntnisse der schwedischen Marine im Unklaren zu lassen. Die schwedische Regierung stellte nach Abschluss der Untersuchungen am 14. November 2014 fest, dass schwedische Hoheitsgew\u00e4sser zweifelsfrei von einem kleineren Unterwasserfahrzeug verletzt worden sind. Sie sprach von einem \u201egroben und inakzeptablen\u201c Vorfall. Im Juni 2016 gab der schwedische Verteidigungsminister bekannt, dass es sich um ein schwedisches U-Boot gehandelt hatte. (&#8230;) Bereits 2014 teilte das schwedische Milit\u00e4r mit, bewusst Falschangaben zu U-Boot-Sichtungen gemacht zu haben.&#8220;<\/p><\/blockquote>\n<p>Eigentlich per se schon eine inakzeptable Sache &#8211; und dann sehe ich in der Bundespressekonferenz dieses Verhalten der deutschen Regierungssprecher bez\u00fcglich eines weiteren Vorfalls 2015, die ich schon beachtlich finde:<\/p>\n<p><iframe loading=\"lazy\" src=\"https:\/\/www.youtube-nocookie.com\/embed\/wNCfFBK97zU?rel=0\" width=\"560\" height=\"315\" frameborder=\"0\" allowfullscreen=\"allowfullscreen\"><\/iframe><\/p>\n<p style=\"text-align: center;\">Quelle: <a href=\"https:\/\/youtu.be\/C-SNLUHEPqo\">Tilo Jung<\/a><\/p>\n","protected":false},"excerpt":{"rendered":"<p>Kann sich jemand an die U-Boot-Skandale in Schweden erinnern? Unter Wikipedia sind\u00a0die hier verzeichnet. Es handelt sich dabei um U-Boot-Sichtungen,&hellip;<\/p>\n","protected":false},"author":1,"featured_media":0,"comment_status":"open","ping_status":"open","sticky":false,"template":"","format":"standard","meta":{"footnotes":"","_links_to":"","_links_to_target":""},"categories":[10],"tags":[],"class_list":["post-32893","post","type-post","status-publish","format-standard","hentry","category-gesellschaft"],"_links":{"self":[{"href":"https:\/\/www.gruen-wald.de\/wordpress\/wp-json\/wp\/v2\/posts\/32893","targetHints":{"allow":["GET"]}}],"collection":[{"href":"https:\/\/www.gruen-wald.de\/wordpress\/wp-json\/wp\/v2\/posts"}],"about":[{"href":"https:\/\/www.gruen-wald.de\/wordpress\/wp-json\/wp\/v2\/types\/post"}],"author":[{"embeddable":true,"href":"https:\/\/www.gruen-wald.de\/wordpress\/wp-json\/wp\/v2\/users\/1"}],"replies":[{"embeddable":true,"href":"https:\/\/www.gruen-wald.de\/wordpress\/wp-json\/wp\/v2\/comments?post=32893"}],"version-history":[{"count":0,"href":"https:\/\/www.gruen-wald.de\/wordpress\/wp-json\/wp\/v2\/posts\/32893\/revisions"}],"wp:attachment":[{"href":"https:\/\/www.gruen-wald.de\/wordpress\/wp-json\/wp\/v2\/media?parent=32893"}],"wp:term":[{"taxonomy":"category","embeddable":true,"href":"https:\/\/www.gruen-wald.de\/wordpress\/wp-json\/wp\/v2\/categories?post=32893"},{"taxonomy":"post_tag","embeddable":true,"href":"https:\/\/www.gruen-wald.de\/wordpress\/wp-json\/wp\/v2\/tags?post=32893"}],"curies":[{"name":"wp","href":"https:\/\/api.w.org\/{rel}","templated":true}]}}