{"id":32780,"date":"2016-06-03T03:08:39","date_gmt":"2016-06-03T01:08:39","guid":{"rendered":"http:\/\/blog.coaster.de\/wp\/?p=32780"},"modified":"2016-06-03T03:08:39","modified_gmt":"2016-06-03T01:08:39","slug":"greatesthitz","status":"publish","type":"post","link":"https:\/\/www.gruen-wald.de\/wordpress\/medien\/greatesthitz\/","title":{"rendered":"#GreatestHitz"},"content":{"rendered":"<p>Als Jan B\u00f6hmermann nach dem Schm\u00e4hgedicht erst mal off-air ging hatte ich mal den Vorschlag gemacht, statt dessen Einspieler aus seinen bisherigen Sendungen zu bringen &#8211; am besten einfach ein Best-Of seiner Musikvideos. Die Einschaltquote w\u00e4re riesig gewesen, die Videos sind im Gegensatz zum Rest der Sendung zeitlos und h\u00e4tten den Neulingen einen ganz guten Eintrag des Neo Magazin Royales gegeben. Statt dessen kam eine eher lieblos zusammengew\u00fcrfelte Best-Of-Sendung, die unerfahrene Zuschauer damals vermutlich eher verwirrte als gewann.<\/p>\n<p>Doch Jan B\u00f6hmermann hatte etwas viel besseres vor &#8211; denn tats\u00e4chlich sollten seine Songs als &#8222;Greatest Hitz&#8220; das Ende der Sendung vor der Sommerpause einl\u00e4uten. Und daraus ist trotz Wiederholung eine ganz fabelhafte Sendung geworden&#8230; mit vollem Live-Orchester, mit Glump Mate, einem Marder on the Dancefloor, Battle-Schlagzeuging,\u00a0ein paar Starg\u00e4sten und ein &#8222;Mimimi&#8220;.<\/p>\n<p><a href=\"http:\/\/www.neo-magazin-royale.de\/zdi\/artikel\/135219\/neo-magazin-royale-vom-02-06-2016.html\"><img loading=\"lazy\" decoding=\"async\" class=\"aligncenter\" src=\"http:\/\/blog.coaster.de\/wp\/wp-content\/uploads\/2015\/12\/280px-Neo_Magazin_Royale_blau.png\" alt=\"\" width=\"280\" height=\"280\" \/><\/a><\/p>\n<p style=\"text-align: center;\"><a href=\"http:\/\/www.neo-magazin-royale.de\/zdi\/artikel\/135219\/neo-magazin-royale-vom-02-06-2016.html\">(Klick f\u00fcr die Mediathek!)<\/a><\/p>\n<p>Ach du heilige Makrele! Gehen die jetzt bitte alle auf Tour?<\/p>\n","protected":false},"excerpt":{"rendered":"<p>Als Jan B\u00f6hmermann nach dem Schm\u00e4hgedicht erst mal off-air ging hatte ich mal den Vorschlag gemacht, statt dessen Einspieler aus&hellip;<\/p>\n","protected":false},"author":1,"featured_media":0,"comment_status":"open","ping_status":"open","sticky":false,"template":"","format":"standard","meta":{"footnotes":"","_links_to":"","_links_to_target":""},"categories":[12],"tags":[],"class_list":["post-32780","post","type-post","status-publish","format-standard","hentry","category-medien"],"_links":{"self":[{"href":"https:\/\/www.gruen-wald.de\/wordpress\/wp-json\/wp\/v2\/posts\/32780"}],"collection":[{"href":"https:\/\/www.gruen-wald.de\/wordpress\/wp-json\/wp\/v2\/posts"}],"about":[{"href":"https:\/\/www.gruen-wald.de\/wordpress\/wp-json\/wp\/v2\/types\/post"}],"author":[{"embeddable":true,"href":"https:\/\/www.gruen-wald.de\/wordpress\/wp-json\/wp\/v2\/users\/1"}],"replies":[{"embeddable":true,"href":"https:\/\/www.gruen-wald.de\/wordpress\/wp-json\/wp\/v2\/comments?post=32780"}],"version-history":[{"count":0,"href":"https:\/\/www.gruen-wald.de\/wordpress\/wp-json\/wp\/v2\/posts\/32780\/revisions"}],"wp:attachment":[{"href":"https:\/\/www.gruen-wald.de\/wordpress\/wp-json\/wp\/v2\/media?parent=32780"}],"wp:term":[{"taxonomy":"category","embeddable":true,"href":"https:\/\/www.gruen-wald.de\/wordpress\/wp-json\/wp\/v2\/categories?post=32780"},{"taxonomy":"post_tag","embeddable":true,"href":"https:\/\/www.gruen-wald.de\/wordpress\/wp-json\/wp\/v2\/tags?post=32780"}],"curies":[{"name":"wp","href":"https:\/\/api.w.org\/{rel}","templated":true}]}}