{"id":32778,"date":"2016-06-02T01:59:18","date_gmt":"2016-06-01T23:59:18","guid":{"rendered":"http:\/\/blog.coaster.de\/wp\/?p=32778"},"modified":"2016-06-02T01:59:18","modified_gmt":"2016-06-01T23:59:18","slug":"friesische-teestube","status":"publish","type":"post","link":"https:\/\/www.gruen-wald.de\/wordpress\/notiz\/friesische-teestube\/","title":{"rendered":"Friesische Teestube"},"content":{"rendered":"<p>Kurzmeldung: Wer gerne Tee trinkt und dazu gem\u00fctliche, ruhige Atmosph\u00e4re sucht, der ist in der Friesischen Teestube in M\u00fcnchen gut aufgehoben. Entspanntes Lokal mit entspannten Leuten. Ruhig mal vorbeischauen. <a href=\"http:\/\/www.friesische-teestube.de\/\">Webseite<\/a>.<\/p>\n","protected":false},"excerpt":{"rendered":"<p>Kurzmeldung: Wer gerne Tee trinkt und dazu gem\u00fctliche, ruhige Atmosph\u00e4re sucht, der ist in der Friesischen Teestube in M\u00fcnchen gut&hellip;<\/p>\n","protected":false},"author":1,"featured_media":0,"comment_status":"open","ping_status":"open","sticky":false,"template":"","format":"standard","meta":{"footnotes":"","_links_to":"","_links_to_target":""},"categories":[13],"tags":[],"class_list":["post-32778","post","type-post","status-publish","format-standard","hentry","category-notiz"],"_links":{"self":[{"href":"https:\/\/www.gruen-wald.de\/wordpress\/wp-json\/wp\/v2\/posts\/32778"}],"collection":[{"href":"https:\/\/www.gruen-wald.de\/wordpress\/wp-json\/wp\/v2\/posts"}],"about":[{"href":"https:\/\/www.gruen-wald.de\/wordpress\/wp-json\/wp\/v2\/types\/post"}],"author":[{"embeddable":true,"href":"https:\/\/www.gruen-wald.de\/wordpress\/wp-json\/wp\/v2\/users\/1"}],"replies":[{"embeddable":true,"href":"https:\/\/www.gruen-wald.de\/wordpress\/wp-json\/wp\/v2\/comments?post=32778"}],"version-history":[{"count":0,"href":"https:\/\/www.gruen-wald.de\/wordpress\/wp-json\/wp\/v2\/posts\/32778\/revisions"}],"wp:attachment":[{"href":"https:\/\/www.gruen-wald.de\/wordpress\/wp-json\/wp\/v2\/media?parent=32778"}],"wp:term":[{"taxonomy":"category","embeddable":true,"href":"https:\/\/www.gruen-wald.de\/wordpress\/wp-json\/wp\/v2\/categories?post=32778"},{"taxonomy":"post_tag","embeddable":true,"href":"https:\/\/www.gruen-wald.de\/wordpress\/wp-json\/wp\/v2\/tags?post=32778"}],"curies":[{"name":"wp","href":"https:\/\/api.w.org\/{rel}","templated":true}]}}