{"id":32757,"date":"2016-05-26T00:01:15","date_gmt":"2016-05-25T22:01:15","guid":{"rendered":"http:\/\/blog.coaster.de\/wp\/?p=32757"},"modified":"2016-05-26T00:01:15","modified_gmt":"2016-05-25T22:01:15","slug":"bob-dylan-abschweifend","status":"publish","type":"post","link":"https:\/\/www.gruen-wald.de\/wordpress\/medien\/bob-dylan-abschweifend\/","title":{"rendered":"Bob Dylan &#8211; abschweifend"},"content":{"rendered":"<p><a class=\"thickbox\" title=\"P1080163.JPG\" href=\"http:\/\/lh4.ggpht.com\/-AJ4epuENLmM\/T4FwpGFOVbI\/AAAAAAAAN8E\/FbLxThI-6hA\/w1024\/P1080163.JPG\" rel=\"shadowbox[sbpost-22115];player=img;\"><img loading=\"lazy\" decoding=\"async\" class=\"alignleft\" title=\"P1080163.JPG\" src=\"http:\/\/blog.coaster.de\/wp\/wp-content\/uploads\/P1080163.jpg\" alt=\"P1080163.JPG\" width=\"165\" height=\"93\" \/><\/a>Ulrich Bassenge (aka &#8222;Jugendverderber&#8220;) unterh\u00e4lt sich mit zwei Kollegen ausschweifend \u00fcber Bob Dylan. Interessant, intellektuell, imposant.<\/p>\n<p>Das Gespr\u00e4ch kann man sich <a href=\"http:\/\/cdn-storage.br.de\/iLCpbHJGNL9zu6i6NL97bmWH_-by\/_-OS\/9Arf9Arp\/160524_2003_Nachtstudio_Zimmerman-Eine-Abschweifung.mp3\">hier als Podcast anh\u00f6ren<\/a>.<\/p>\n<p>Eigentlich bin ich gar kein gro\u00dfer Bob-Dylan-Fan (und finde zuviel analytisches Fachchinesisch im Radio manchmal gef\u00e4hrlich distanziert), aber hier hat&#8217;s mir tats\u00e4chlich viel Spa\u00df gemacht.<\/p>\n","protected":false},"excerpt":{"rendered":"<p>Ulrich Bassenge (aka &#8222;Jugendverderber&#8220;) unterh\u00e4lt sich mit zwei Kollegen ausschweifend \u00fcber Bob Dylan. Interessant, intellektuell, imposant. Das Gespr\u00e4ch kann man&hellip;<\/p>\n","protected":false},"author":1,"featured_media":0,"comment_status":"open","ping_status":"open","sticky":false,"template":"","format":"standard","meta":{"footnotes":"","_links_to":"","_links_to_target":""},"categories":[12],"tags":[],"class_list":["post-32757","post","type-post","status-publish","format-standard","hentry","category-medien"],"_links":{"self":[{"href":"https:\/\/www.gruen-wald.de\/wordpress\/wp-json\/wp\/v2\/posts\/32757","targetHints":{"allow":["GET"]}}],"collection":[{"href":"https:\/\/www.gruen-wald.de\/wordpress\/wp-json\/wp\/v2\/posts"}],"about":[{"href":"https:\/\/www.gruen-wald.de\/wordpress\/wp-json\/wp\/v2\/types\/post"}],"author":[{"embeddable":true,"href":"https:\/\/www.gruen-wald.de\/wordpress\/wp-json\/wp\/v2\/users\/1"}],"replies":[{"embeddable":true,"href":"https:\/\/www.gruen-wald.de\/wordpress\/wp-json\/wp\/v2\/comments?post=32757"}],"version-history":[{"count":0,"href":"https:\/\/www.gruen-wald.de\/wordpress\/wp-json\/wp\/v2\/posts\/32757\/revisions"}],"wp:attachment":[{"href":"https:\/\/www.gruen-wald.de\/wordpress\/wp-json\/wp\/v2\/media?parent=32757"}],"wp:term":[{"taxonomy":"category","embeddable":true,"href":"https:\/\/www.gruen-wald.de\/wordpress\/wp-json\/wp\/v2\/categories?post=32757"},{"taxonomy":"post_tag","embeddable":true,"href":"https:\/\/www.gruen-wald.de\/wordpress\/wp-json\/wp\/v2\/tags?post=32757"}],"curies":[{"name":"wp","href":"https:\/\/api.w.org\/{rel}","templated":true}]}}