{"id":32658,"date":"2016-05-09T22:16:23","date_gmt":"2016-05-09T20:16:23","guid":{"rendered":"http:\/\/blog.coaster.de\/wp\/?p=32658"},"modified":"2016-05-09T22:16:23","modified_gmt":"2016-05-09T20:16:23","slug":"dok-fest-meets-seriencamp","status":"publish","type":"post","link":"https:\/\/www.gruen-wald.de\/wordpress\/film-kultur\/dok-fest-meets-seriencamp\/","title":{"rendered":"DOK.fest meets Seriencamp"},"content":{"rendered":"<p>Auf dem diesj\u00e4hrigen DOK.fest gab es ein kostenloses &#8222;<a href=\"http:\/\/www.seriencamp.tv\/\">Seriencamp<\/a>&#8222;.<\/p>\n<p>Gezeigt wurden jeweils zwei Episoden von &#8222;<a href=\"http:\/\/www.imdb.com\/title\/tt5376740\/?ref_=fn_al_tt_1\">Truth and Power<\/a>&#8220; sowie &#8222;<a href=\"https:\/\/www.dr.dk\/tv\/se\/jeg-er-ambassadoeren-fra-amerika\/jeg-er-ambassadoeren-fra-amerika-1-6\">I Am The Ambassador<\/a>&#8220; &#8211; beides spannende Konzepte die ich vielleicht sp\u00e4ter nochmal bei etwas mehr Zeit n\u00e4her erl\u00e4utere (Nur soviel: Besonders gefreut hat mich bei Truth and Power, dass sowohl Amy Goodman als auch die Leute von HackingTeam.it enthalten waren). Am Ende gab es eine kurze Q&amp;A mit den Machern der Serien, die ich hier f\u00fcr euch mit dem Handy festgehalten habe und hiermit schon mal online stelle:<\/p>\n<p style=\"text-align: center;\"><iframe loading=\"lazy\" width=\"560\" height=\"315\" src=\"https:\/\/www.youtube.com\/embed\/3C-VK4JD2Jo\" frameborder=\"0\" allowfullscreen><\/iframe><\/p>\n","protected":false},"excerpt":{"rendered":"<p>Auf dem diesj\u00e4hrigen DOK.fest gab es ein kostenloses &#8222;Seriencamp&#8222;. Gezeigt wurden jeweils zwei Episoden von &#8222;Truth and Power&#8220; sowie &#8222;I&hellip;<\/p>\n","protected":false},"author":1,"featured_media":0,"comment_status":"open","ping_status":"open","sticky":false,"template":"","format":"standard","meta":{"footnotes":"","_links_to":"","_links_to_target":""},"categories":[7],"tags":[],"class_list":["post-32658","post","type-post","status-publish","format-standard","hentry","category-film-kultur"],"_links":{"self":[{"href":"https:\/\/www.gruen-wald.de\/wordpress\/wp-json\/wp\/v2\/posts\/32658","targetHints":{"allow":["GET"]}}],"collection":[{"href":"https:\/\/www.gruen-wald.de\/wordpress\/wp-json\/wp\/v2\/posts"}],"about":[{"href":"https:\/\/www.gruen-wald.de\/wordpress\/wp-json\/wp\/v2\/types\/post"}],"author":[{"embeddable":true,"href":"https:\/\/www.gruen-wald.de\/wordpress\/wp-json\/wp\/v2\/users\/1"}],"replies":[{"embeddable":true,"href":"https:\/\/www.gruen-wald.de\/wordpress\/wp-json\/wp\/v2\/comments?post=32658"}],"version-history":[{"count":0,"href":"https:\/\/www.gruen-wald.de\/wordpress\/wp-json\/wp\/v2\/posts\/32658\/revisions"}],"wp:attachment":[{"href":"https:\/\/www.gruen-wald.de\/wordpress\/wp-json\/wp\/v2\/media?parent=32658"}],"wp:term":[{"taxonomy":"category","embeddable":true,"href":"https:\/\/www.gruen-wald.de\/wordpress\/wp-json\/wp\/v2\/categories?post=32658"},{"taxonomy":"post_tag","embeddable":true,"href":"https:\/\/www.gruen-wald.de\/wordpress\/wp-json\/wp\/v2\/tags?post=32658"}],"curies":[{"name":"wp","href":"https:\/\/api.w.org\/{rel}","templated":true}]}}