{"id":326,"date":"2006-06-29T00:00:00","date_gmt":"2006-06-28T23:00:00","guid":{"rendered":"http:\/\/www.coaster.de\/wp\/?p=326"},"modified":"2006-06-29T00:00:00","modified_gmt":"2006-06-28T23:00:00","slug":"jungle-cruise-wird-verfilmt","status":"publish","type":"post","link":"https:\/\/www.gruen-wald.de\/wordpress\/erlebniswelten\/jungle-cruise-wird-verfilmt\/","title":{"rendered":"Jungle Cruise wird verfilmt"},"content":{"rendered":"<p>Fr\u00fcher hat man Erlebniswelten gebaut, um bekannte Filmmuster (wie Disneys Peter Pan u.\u00e4.) 3-dimensional aufleben zu lassen. Nun macht es die Branche umgekehrt: Nach Pirates of the Carribean und Haunted Mansion setzt Disney gleich die n\u00e4chste klassische Themenfahrt als Film um: Jungle Cruise&#8230;<\/p>\n<p align=center><a href='http:\/\/img244.imageshack.us\/my.php?image=aljcp2md3.jpg' target='_blank' rel=\"noopener noreferrer\"><img src='http:\/\/img244.imageshack.us\/img244\/9505\/aljcp2md3.th.jpg' border='0'><\/a><\/p>\n<p> Die Wahl find ich ein bischen merkw\u00fcrdig &#8211; gerade Jungle Cruise ist nicht gerade eine Attraktion mit viel narrativem Tiefgang. \u00dcberhaupt verwunderlich, dass sich Filme mittlerweile an Darkrides bedienen m\u00fcssen &#8211; eigentlich sollte es (auch im Sinne guter Themenfahrten) gerade umgekehrt sein.<\/p>\n","protected":false},"excerpt":{"rendered":"<p>Fr\u00fcher hat man Erlebniswelten gebaut, um bekannte Filmmuster (wie Disneys Peter Pan u.\u00e4.) 3-dimensional aufleben zu lassen. Nun macht es&hellip;<\/p>\n","protected":false},"author":1,"featured_media":0,"comment_status":"open","ping_status":"open","sticky":false,"template":"","format":"standard","meta":{"footnotes":"","_links_to":"","_links_to_target":""},"categories":[5],"tags":[1098,1262,2696,3831,3875],"class_list":["post-326","post","type-post","status-publish","format-standard","hentry","category-erlebniswelten","tag-darkrides","tag-disney","tag-jungle-cruise","tag-peter-pan","tag-pirates"],"_links":{"self":[{"href":"https:\/\/www.gruen-wald.de\/wordpress\/wp-json\/wp\/v2\/posts\/326"}],"collection":[{"href":"https:\/\/www.gruen-wald.de\/wordpress\/wp-json\/wp\/v2\/posts"}],"about":[{"href":"https:\/\/www.gruen-wald.de\/wordpress\/wp-json\/wp\/v2\/types\/post"}],"author":[{"embeddable":true,"href":"https:\/\/www.gruen-wald.de\/wordpress\/wp-json\/wp\/v2\/users\/1"}],"replies":[{"embeddable":true,"href":"https:\/\/www.gruen-wald.de\/wordpress\/wp-json\/wp\/v2\/comments?post=326"}],"version-history":[{"count":0,"href":"https:\/\/www.gruen-wald.de\/wordpress\/wp-json\/wp\/v2\/posts\/326\/revisions"}],"wp:attachment":[{"href":"https:\/\/www.gruen-wald.de\/wordpress\/wp-json\/wp\/v2\/media?parent=326"}],"wp:term":[{"taxonomy":"category","embeddable":true,"href":"https:\/\/www.gruen-wald.de\/wordpress\/wp-json\/wp\/v2\/categories?post=326"},{"taxonomy":"post_tag","embeddable":true,"href":"https:\/\/www.gruen-wald.de\/wordpress\/wp-json\/wp\/v2\/tags?post=326"}],"curies":[{"name":"wp","href":"https:\/\/api.w.org\/{rel}","templated":true}]}}