{"id":32562,"date":"2016-04-20T17:08:22","date_gmt":"2016-04-20T15:08:22","guid":{"rendered":"http:\/\/blog.coaster.de\/wp\/?p=32562"},"modified":"2016-04-20T17:08:22","modified_gmt":"2016-04-20T15:08:22","slug":"bericht-aus-abu-ghraib-und-fallujah","status":"publish","type":"post","link":"https:\/\/www.gruen-wald.de\/wordpress\/gesellschaft\/bericht-aus-abu-ghraib-und-fallujah\/","title":{"rendered":"Bericht aus Abu Ghraib und Fallujah"},"content":{"rendered":"<p>Eric Fair, einer der Verh\u00f6ragenten aus Abu Ghraib und Fallujah, war bei Amy Goodman zu Gast und erz\u00e4hlt, wie die Foltermethoden in den Gef\u00e4ngnissen so abliefen &#8211; und vermutlich auch noch ablaufen. Wer danach immer noch der Meinung ist, dass das keine Konzentrationslager nach \u00fcbelsten faschistischen und unmenschlichen Regeln ist, dem kann ich nicht mehr helfen. Hier klicken f\u00fcr das Video:<\/p>\n<p style=\"text-align: center;\"><a href=\"http:\/\/www.democracynow.org\/shows\/2016\/4\/7\"><img loading=\"lazy\" decoding=\"async\" class=\"aligncenter\" src=\"http:\/\/blog.coaster.de\/wp\/wp-content\/uploads\/500px-Democracy_Now_logo2.png\" alt=\"\" width=\"300\" height=\"210\" \/><\/a>(Beginn ab Minute 10:30)<\/p>\n","protected":false},"excerpt":{"rendered":"<p>Eric Fair, einer der Verh\u00f6ragenten aus Abu Ghraib und Fallujah, war bei Amy Goodman zu Gast und erz\u00e4hlt, wie die&hellip;<\/p>\n","protected":false},"author":1,"featured_media":0,"comment_status":"open","ping_status":"open","sticky":false,"template":"","format":"standard","meta":{"footnotes":"","_links_to":"","_links_to_target":""},"categories":[10],"tags":[],"class_list":["post-32562","post","type-post","status-publish","format-standard","hentry","category-gesellschaft"],"_links":{"self":[{"href":"https:\/\/www.gruen-wald.de\/wordpress\/wp-json\/wp\/v2\/posts\/32562","targetHints":{"allow":["GET"]}}],"collection":[{"href":"https:\/\/www.gruen-wald.de\/wordpress\/wp-json\/wp\/v2\/posts"}],"about":[{"href":"https:\/\/www.gruen-wald.de\/wordpress\/wp-json\/wp\/v2\/types\/post"}],"author":[{"embeddable":true,"href":"https:\/\/www.gruen-wald.de\/wordpress\/wp-json\/wp\/v2\/users\/1"}],"replies":[{"embeddable":true,"href":"https:\/\/www.gruen-wald.de\/wordpress\/wp-json\/wp\/v2\/comments?post=32562"}],"version-history":[{"count":0,"href":"https:\/\/www.gruen-wald.de\/wordpress\/wp-json\/wp\/v2\/posts\/32562\/revisions"}],"wp:attachment":[{"href":"https:\/\/www.gruen-wald.de\/wordpress\/wp-json\/wp\/v2\/media?parent=32562"}],"wp:term":[{"taxonomy":"category","embeddable":true,"href":"https:\/\/www.gruen-wald.de\/wordpress\/wp-json\/wp\/v2\/categories?post=32562"},{"taxonomy":"post_tag","embeddable":true,"href":"https:\/\/www.gruen-wald.de\/wordpress\/wp-json\/wp\/v2\/tags?post=32562"}],"curies":[{"name":"wp","href":"https:\/\/api.w.org\/{rel}","templated":true}]}}