{"id":32548,"date":"2016-04-16T01:48:36","date_gmt":"2016-04-15T23:48:36","guid":{"rendered":"http:\/\/blog.coaster.de\/wp\/?p=32548"},"modified":"2016-04-16T01:48:36","modified_gmt":"2016-04-15T23:48:36","slug":"stefan-joerg-und-tilo-ueber-boehmi","status":"publish","type":"post","link":"https:\/\/www.gruen-wald.de\/wordpress\/internet-co\/stefan-joerg-und-tilo-ueber-boehmi\/","title":{"rendered":"Stefan, J\u00f6rg und Tilo \u00fcber B\u00f6hmi"},"content":{"rendered":"<p><img loading=\"lazy\" decoding=\"async\" class=\"alignleft\" src=\"http:\/\/blog.coaster.de\/wp\/wp-content\/uploads\/2015\/12\/280px-Neo_Magazin_Royale_blau.png\" alt=\"\" width=\"168\" height=\"168\" \/>Normal w\u00fcrde ich auf den Aufwachen Podcast! eher nicht verlinken, aber dieses Gespr\u00e4ch zwischen Stefan, Tilo und J\u00f6rg fand ich durchaus h\u00f6renswert, zumal die auch nicht immer einer Meinung sind. F\u00fcr alle, die noch nicht genug von dieser ewigen Debatten haben (als Medienwissenschaftler bleibt der Fall nat\u00fcrlich schon allein aus wissenschaftlicher Sicht spannend) k\u00f6nnen durchaus mal reinh\u00f6ren:<\/p>\n<p><a href=\"https:\/\/aufwachen-podcast.de\/2016\/04\/15\/a107-kopf-hoch-janboehm\/\">Klick!<\/a><\/p>\n","protected":false},"excerpt":{"rendered":"<p>Normal w\u00fcrde ich auf den Aufwachen Podcast! eher nicht verlinken, aber dieses Gespr\u00e4ch zwischen Stefan, Tilo und J\u00f6rg fand ich&hellip;<\/p>\n","protected":false},"author":1,"featured_media":0,"comment_status":"open","ping_status":"open","sticky":false,"template":"","format":"standard","meta":{"footnotes":"","_links_to":"","_links_to_target":""},"categories":[11],"tags":[],"class_list":["post-32548","post","type-post","status-publish","format-standard","hentry","category-internet-co"],"_links":{"self":[{"href":"https:\/\/www.gruen-wald.de\/wordpress\/wp-json\/wp\/v2\/posts\/32548","targetHints":{"allow":["GET"]}}],"collection":[{"href":"https:\/\/www.gruen-wald.de\/wordpress\/wp-json\/wp\/v2\/posts"}],"about":[{"href":"https:\/\/www.gruen-wald.de\/wordpress\/wp-json\/wp\/v2\/types\/post"}],"author":[{"embeddable":true,"href":"https:\/\/www.gruen-wald.de\/wordpress\/wp-json\/wp\/v2\/users\/1"}],"replies":[{"embeddable":true,"href":"https:\/\/www.gruen-wald.de\/wordpress\/wp-json\/wp\/v2\/comments?post=32548"}],"version-history":[{"count":0,"href":"https:\/\/www.gruen-wald.de\/wordpress\/wp-json\/wp\/v2\/posts\/32548\/revisions"}],"wp:attachment":[{"href":"https:\/\/www.gruen-wald.de\/wordpress\/wp-json\/wp\/v2\/media?parent=32548"}],"wp:term":[{"taxonomy":"category","embeddable":true,"href":"https:\/\/www.gruen-wald.de\/wordpress\/wp-json\/wp\/v2\/categories?post=32548"},{"taxonomy":"post_tag","embeddable":true,"href":"https:\/\/www.gruen-wald.de\/wordpress\/wp-json\/wp\/v2\/tags?post=32548"}],"curies":[{"name":"wp","href":"https:\/\/api.w.org\/{rel}","templated":true}]}}