{"id":32545,"date":"2016-04-15T13:48:24","date_gmt":"2016-04-15T11:48:24","guid":{"rendered":"http:\/\/blog.coaster.de\/wp\/?p=32545"},"modified":"2016-04-15T13:48:24","modified_gmt":"2016-04-15T11:48:24","slug":"interview-mit-ilya-naishuller","status":"publish","type":"post","link":"https:\/\/www.gruen-wald.de\/wordpress\/film-kultur\/interview-mit-ilya-naishuller\/","title":{"rendered":"Interview mit Ilya Naishuller"},"content":{"rendered":"<p>Hab mich mit Ilya Naishuller getroffen. Danke an C\u00e9cile und Mirja f\u00fcr die M\u00f6glichkeit!<\/p>\n<p>Wer ist Ilya? Er\u00a0drehte 2013 f\u00fcr seine Band zum Spa\u00df einen Videoclip komplett aus Ich-Perspektive. Der computerspielartige Look \u00fcberzeugte sogar Darren Aronofsky und Samuel L. Jackson und kurze Zeit sp\u00e4ter steckte ihm ein russischer Produzent einen ordentlichen Betrag zu, so dass Ilya mit Hardcore Henry den ersten abendf\u00fcllenden Actionfilm komplett in &#8222;1st-Person-Look&#8220; drehen konnte.\u00a0Ich habe\u00a0die Chance genutzt, mit ihm \u00fcbers Filme machen und Games zocken zu sprechen. Hier das Interview, dass neben Adventure-Treff auch auf der <a href=\"https:\/\/www.facebook.com\/Hochschulstudium\/?fref=ts\">H:G-Facebookseite<\/a> auftauchen d\u00fcrfte&#8230;<\/p>\n<p><iframe loading=\"lazy\" src=\"https:\/\/www.youtube.com\/embed\/ZH8QchIm8tY\" width=\"560\" height=\"315\" frameborder=\"0\" allowfullscreen=\"allowfullscreen\"><\/iframe><\/p>\n","protected":false},"excerpt":{"rendered":"<p>Hab mich mit Ilya Naishuller getroffen. Danke an C\u00e9cile und Mirja f\u00fcr die M\u00f6glichkeit! Wer ist Ilya? Er\u00a0drehte 2013 f\u00fcr&hellip;<\/p>\n","protected":false},"author":1,"featured_media":32478,"comment_status":"open","ping_status":"open","sticky":false,"template":"","format":"standard","meta":{"footnotes":"","_links_to":"","_links_to_target":""},"categories":[7],"tags":[],"class_list":["post-32545","post","type-post","status-publish","format-standard","has-post-thumbnail","hentry","category-film-kultur"],"_links":{"self":[{"href":"https:\/\/www.gruen-wald.de\/wordpress\/wp-json\/wp\/v2\/posts\/32545","targetHints":{"allow":["GET"]}}],"collection":[{"href":"https:\/\/www.gruen-wald.de\/wordpress\/wp-json\/wp\/v2\/posts"}],"about":[{"href":"https:\/\/www.gruen-wald.de\/wordpress\/wp-json\/wp\/v2\/types\/post"}],"author":[{"embeddable":true,"href":"https:\/\/www.gruen-wald.de\/wordpress\/wp-json\/wp\/v2\/users\/1"}],"replies":[{"embeddable":true,"href":"https:\/\/www.gruen-wald.de\/wordpress\/wp-json\/wp\/v2\/comments?post=32545"}],"version-history":[{"count":0,"href":"https:\/\/www.gruen-wald.de\/wordpress\/wp-json\/wp\/v2\/posts\/32545\/revisions"}],"wp:featuredmedia":[{"embeddable":true,"href":"https:\/\/www.gruen-wald.de\/wordpress\/wp-json\/wp\/v2\/media\/32478"}],"wp:attachment":[{"href":"https:\/\/www.gruen-wald.de\/wordpress\/wp-json\/wp\/v2\/media?parent=32545"}],"wp:term":[{"taxonomy":"category","embeddable":true,"href":"https:\/\/www.gruen-wald.de\/wordpress\/wp-json\/wp\/v2\/categories?post=32545"},{"taxonomy":"post_tag","embeddable":true,"href":"https:\/\/www.gruen-wald.de\/wordpress\/wp-json\/wp\/v2\/tags?post=32545"}],"curies":[{"name":"wp","href":"https:\/\/api.w.org\/{rel}","templated":true}]}}