{"id":32543,"date":"2016-04-14T23:33:10","date_gmt":"2016-04-14T21:33:10","guid":{"rendered":"http:\/\/blog.coaster.de\/wp\/?p=32543"},"modified":"2016-04-14T23:33:10","modified_gmt":"2016-04-14T21:33:10","slug":"fefe-polt-und-youtube-klicks","status":"publish","type":"post","link":"https:\/\/www.gruen-wald.de\/wordpress\/internet-co\/fefe-polt-und-youtube-klicks\/","title":{"rendered":"Fefe, Polt und Youtube-Klicks"},"content":{"rendered":"<p>Fefe hat mein Polt-Video bei sich verlinkt. Ich hatte das mal an die Neo Magazin Royale Facebookseite gepostet mit dem Hinweis, wie vor 35 Jahren der Gro\u00dfmeister seines Fachs auf die Zensur vom ZDF reagiert hatte. Damals gab es \u00c4rger wegen Anspielungen auf Friedrich Zimmermann (&#8222;Old Schwurhand&#8220;). Ihm wurde unter Rechtsandrohung untersagt, weitere Anspielung auf den Politiker zu machen. Seine Reaktion war so einfach wie genial:<\/p>\n<p><center><iframe loading=\"lazy\" width=\"560\" height=\"315\" src=\"https:\/\/www.youtube.com\/embed\/DxDqA4a21eI\" frameborder=\"0\" allowfullscreen><\/iframe><\/center><\/p>\n<p>Ich hatte das Video auf die Reaktion vom Neo-Magazin-Team gepostet, die Produktion erst mal nicht zu fahren, weil ich glaube, gerade in solch hei\u00dfen Zeiten darf Satire nicht verstummen. Kurz Luft holen ist ja okay, aber sie muss weiter kommentieren und zeigen, dass sie nicht durch Rechtsmittel beugbar ist. Gerade jetzt, wo das von Politikwegen probiert wird, ansonsten verliert sie ihren wichtigsten Stellenwert, und ich rede hier nicht nur von Kurt Tucholsky. Polt hat das verstanden. Ich hoffe, B\u00f6hmi wei\u00df das. Mir ist auch bewusst, dass Genialit\u00e4t nicht erzwingbar ist, aber man muss es zumindest versuchen.<\/p>\n<p>Back to topic: Was ich eigentlich sagen wollte &#8211; Das ist ja ein unver\u00f6ffentlichtes Youtube-Video von mir. Ein paar wenige Views, keinerlei Reaktion auf Facebook. Fefe bloggt das Video. Booom! 25.000 Views. Unfassbar.<\/p>\n","protected":false},"excerpt":{"rendered":"<p>Fefe hat mein Polt-Video bei sich verlinkt. Ich hatte das mal an die Neo Magazin Royale Facebookseite gepostet mit dem&hellip;<\/p>\n","protected":false},"author":1,"featured_media":0,"comment_status":"open","ping_status":"open","sticky":false,"template":"","format":"standard","meta":{"footnotes":"","_links_to":"","_links_to_target":""},"categories":[11],"tags":[],"class_list":["post-32543","post","type-post","status-publish","format-standard","hentry","category-internet-co"],"_links":{"self":[{"href":"https:\/\/www.gruen-wald.de\/wordpress\/wp-json\/wp\/v2\/posts\/32543","targetHints":{"allow":["GET"]}}],"collection":[{"href":"https:\/\/www.gruen-wald.de\/wordpress\/wp-json\/wp\/v2\/posts"}],"about":[{"href":"https:\/\/www.gruen-wald.de\/wordpress\/wp-json\/wp\/v2\/types\/post"}],"author":[{"embeddable":true,"href":"https:\/\/www.gruen-wald.de\/wordpress\/wp-json\/wp\/v2\/users\/1"}],"replies":[{"embeddable":true,"href":"https:\/\/www.gruen-wald.de\/wordpress\/wp-json\/wp\/v2\/comments?post=32543"}],"version-history":[{"count":0,"href":"https:\/\/www.gruen-wald.de\/wordpress\/wp-json\/wp\/v2\/posts\/32543\/revisions"}],"wp:attachment":[{"href":"https:\/\/www.gruen-wald.de\/wordpress\/wp-json\/wp\/v2\/media?parent=32543"}],"wp:term":[{"taxonomy":"category","embeddable":true,"href":"https:\/\/www.gruen-wald.de\/wordpress\/wp-json\/wp\/v2\/categories?post=32543"},{"taxonomy":"post_tag","embeddable":true,"href":"https:\/\/www.gruen-wald.de\/wordpress\/wp-json\/wp\/v2\/tags?post=32543"}],"curies":[{"name":"wp","href":"https:\/\/api.w.org\/{rel}","templated":true}]}}