{"id":32494,"date":"2016-04-07T18:15:20","date_gmt":"2016-04-07T16:15:20","guid":{"rendered":"http:\/\/blog.coaster.de\/wp\/?p=32494"},"modified":"2016-04-07T18:15:20","modified_gmt":"2016-04-07T16:15:20","slug":"ueberraschung-zum-5-geburtstag-von-gipfelreisen-de","status":"publish","type":"post","link":"https:\/\/www.gruen-wald.de\/wordpress\/notiz\/ueberraschung-zum-5-geburtstag-von-gipfelreisen-de\/","title":{"rendered":"\u00dcberraschung zum 5. Geburtstag von GipfelReisen.de!"},"content":{"rendered":"<p><a href=\"http:\/\/blog.coaster.de\/wp\/wp-content\/uploads\/2015\/05\/P1200942.jpg\"><img loading=\"lazy\" decoding=\"async\" class=\"size-full wp-image-30993 alignright\" src=\"http:\/\/blog.coaster.de\/wp\/wp-content\/uploads\/2015\/05\/P1200942.jpg\" alt=\"\" width=\"160\" height=\"160\" srcset=\"https:\/\/www.gruen-wald.de\/wordpress\/wp-content\/uploads\/2015\/05\/P1200942.jpg 160w, https:\/\/www.gruen-wald.de\/wordpress\/wp-content\/uploads\/2015\/05\/P1200942-150x150.jpg 150w\" sizes=\"auto, (max-width: 160px) 100vw, 160px\" \/><\/a>Mein Bergvideo-Portal GipfelReisen.de wird f\u00fcnf (wow!). Und zum Geburtstag und auch zum Fakt, dass es mittlerweile schon \u00fcber 100 Bergtouren sind (nicht alle davon mit Video) h\u00e4tte ich eine kleine \u00dcberraschung in petto&#8230;<\/p>\n<p><strong>Bergwanderer, wollt ihr sie wissen?<\/strong> Dann lest in K\u00fcrze\u00a0den Blog oder abonniert <a href=\"https:\/\/www.facebook.com\/GipfelReisende-223514541033178\/?fref=ts\">GipfelReisen.de auf Facebook<\/a>!<\/p>\n","protected":false},"excerpt":{"rendered":"<p>Mein Bergvideo-Portal GipfelReisen.de wird f\u00fcnf (wow!). Und zum Geburtstag und auch zum Fakt, dass es mittlerweile schon \u00fcber 100 Bergtouren&hellip;<\/p>\n","protected":false},"author":1,"featured_media":0,"comment_status":"open","ping_status":"open","sticky":false,"template":"","format":"standard","meta":{"footnotes":"","_links_to":"","_links_to_target":""},"categories":[13],"tags":[],"class_list":["post-32494","post","type-post","status-publish","format-standard","hentry","category-notiz"],"_links":{"self":[{"href":"https:\/\/www.gruen-wald.de\/wordpress\/wp-json\/wp\/v2\/posts\/32494","targetHints":{"allow":["GET"]}}],"collection":[{"href":"https:\/\/www.gruen-wald.de\/wordpress\/wp-json\/wp\/v2\/posts"}],"about":[{"href":"https:\/\/www.gruen-wald.de\/wordpress\/wp-json\/wp\/v2\/types\/post"}],"author":[{"embeddable":true,"href":"https:\/\/www.gruen-wald.de\/wordpress\/wp-json\/wp\/v2\/users\/1"}],"replies":[{"embeddable":true,"href":"https:\/\/www.gruen-wald.de\/wordpress\/wp-json\/wp\/v2\/comments?post=32494"}],"version-history":[{"count":0,"href":"https:\/\/www.gruen-wald.de\/wordpress\/wp-json\/wp\/v2\/posts\/32494\/revisions"}],"wp:attachment":[{"href":"https:\/\/www.gruen-wald.de\/wordpress\/wp-json\/wp\/v2\/media?parent=32494"}],"wp:term":[{"taxonomy":"category","embeddable":true,"href":"https:\/\/www.gruen-wald.de\/wordpress\/wp-json\/wp\/v2\/categories?post=32494"},{"taxonomy":"post_tag","embeddable":true,"href":"https:\/\/www.gruen-wald.de\/wordpress\/wp-json\/wp\/v2\/tags?post=32494"}],"curies":[{"name":"wp","href":"https:\/\/api.w.org\/{rel}","templated":true}]}}