{"id":32491,"date":"2016-04-06T22:37:22","date_gmt":"2016-04-06T20:37:22","guid":{"rendered":"http:\/\/blog.coaster.de\/wp\/?p=32491"},"modified":"2016-04-06T22:37:22","modified_gmt":"2016-04-06T20:37:22","slug":"boehmermann-vs-merkel-round-2-fight","status":"publish","type":"post","link":"https:\/\/www.gruen-wald.de\/wordpress\/medien\/boehmermann-vs-merkel-round-2-fight\/","title":{"rendered":"B\u00f6hmi vs. Merkel &#8211; Round 2, Fight!"},"content":{"rendered":"<p>Eieiei, schockierend genug, dass es sogar heute noch in der Bundespressekonfernz um das furzige <a href=\"http:\/\/www.tagesspiegel.de\/politik\/praesidentenbeleidigung-im-zdf-wer-angst-vor-pointen-hat-sollte-keine-witze-senden\/13394378.html\">Gedicht von Jan B\u00f6hmermann<\/a> geht (nachdem vorgestern schon dr\u00fcber gesprochen wurde). Peinlich, peinlich&#8230;<\/p>\n<p><iframe loading=\"lazy\" src=\"https:\/\/www.youtube.com\/embed\/VjbVmRpsZxI?rel=0&amp;showinfo=0\" width=\"560\" height=\"315\" frameborder=\"0\" allowfullscreen=\"allowfullscreen\"><\/iframe><\/p>\n<p>Manchmal glaube ich ja, B\u00f6hmermann\u00a0hat genau gewusst, was passieren wird. Der L\u00f6schung des Videos hat er scheinbar ja auch selbst zugestimmt (wer die Sendung vor der Zensur gesehen hat, hat auch geh\u00f6rt, wie genau vorher gesagt wurde, was jetzt passieren wird). Dass dann aber auch noch ausnahmslos jede relevante Person auf die Aktion\u00a0reinf\u00e4llt, Kanzlerin inklusive, ist fast schon be\u00e4ngstigend. Sind Menschen wirklich so begriffsstutzig? Oder hat er mit den paar Zeilen bl\u00f6dsinniger, indirekter Rede wirklich heraus gepresst, unter welchem Druck Merkel gegen\u00fcber Erdogan steht? Falls letzteres, dann Hut ab! Falls ersteres, dann kann ich nur hoffen, dass die jetzt nicht wirklich versuchen, gerichtlich gegen B\u00f6hmi vor zu gehen &#8211; soviel m\u00fcssten die doch eigentlich mittlerweile gelernt haben.<\/p>\n","protected":false},"excerpt":{"rendered":"<p>Eieiei, schockierend genug, dass es sogar heute noch in der Bundespressekonfernz um das furzige Gedicht von Jan B\u00f6hmermann geht (nachdem&hellip;<\/p>\n","protected":false},"author":1,"featured_media":0,"comment_status":"open","ping_status":"open","sticky":false,"template":"","format":"standard","meta":{"footnotes":"","_links_to":"","_links_to_target":""},"categories":[12],"tags":[],"class_list":["post-32491","post","type-post","status-publish","format-standard","hentry","category-medien"],"_links":{"self":[{"href":"https:\/\/www.gruen-wald.de\/wordpress\/wp-json\/wp\/v2\/posts\/32491","targetHints":{"allow":["GET"]}}],"collection":[{"href":"https:\/\/www.gruen-wald.de\/wordpress\/wp-json\/wp\/v2\/posts"}],"about":[{"href":"https:\/\/www.gruen-wald.de\/wordpress\/wp-json\/wp\/v2\/types\/post"}],"author":[{"embeddable":true,"href":"https:\/\/www.gruen-wald.de\/wordpress\/wp-json\/wp\/v2\/users\/1"}],"replies":[{"embeddable":true,"href":"https:\/\/www.gruen-wald.de\/wordpress\/wp-json\/wp\/v2\/comments?post=32491"}],"version-history":[{"count":0,"href":"https:\/\/www.gruen-wald.de\/wordpress\/wp-json\/wp\/v2\/posts\/32491\/revisions"}],"wp:attachment":[{"href":"https:\/\/www.gruen-wald.de\/wordpress\/wp-json\/wp\/v2\/media?parent=32491"}],"wp:term":[{"taxonomy":"category","embeddable":true,"href":"https:\/\/www.gruen-wald.de\/wordpress\/wp-json\/wp\/v2\/categories?post=32491"},{"taxonomy":"post_tag","embeddable":true,"href":"https:\/\/www.gruen-wald.de\/wordpress\/wp-json\/wp\/v2\/tags?post=32491"}],"curies":[{"name":"wp","href":"https:\/\/api.w.org\/{rel}","templated":true}]}}