{"id":324,"date":"2006-06-27T00:00:00","date_gmt":"2006-06-26T23:00:00","guid":{"rendered":"http:\/\/www.coaster.de\/wp\/?p=324"},"modified":"2006-06-27T00:00:00","modified_gmt":"2006-06-26T23:00:00","slug":"18er-dvds-bei-amazon-de-saw-fur-500-euro","status":"publish","type":"post","link":"https:\/\/www.gruen-wald.de\/wordpress\/preisfuchs\/18er-dvds-bei-amazon-de-saw-fur-500-euro\/","title":{"rendered":"18er DVDs bei Amazon.de &#8211; Saw f\u00fcr 5,00 Euro"},"content":{"rendered":"<p>Endlich liefert Amazon.de auch DVDs und Spiele aus, die erst ab 18 Jahren freigegeben sind. Durch die recht strengen deutschen Regelungen bez\u00fcglich Versand derartiger Produkte, die in ganz Europa (wenn nicht weltweit) einmalig sein d\u00fcrften, sind solche Scheiben per Post bislang ja relativ schlecht zu bekommen. Gott sei Dank haben sich die Verbraucher endlich durchgesetzt, auch wenn die deutsche Regelung immer noch einen massiven Mehr- und Kostenaufwand bedeutet (aber ich kann mich noch gut erinnern, als ein 18er Siegel oder gar eine Indizierung in Deutschland noch den Vertriebstod eines Produkts bedeutet hatte &#8211; wie sch\u00f6n zu erleben, dass der deutsche (Pseudo-)Jugendschutz (der bisher eigentlich immer nur die deutschen Erwachsenen, aber in keinster Weise die Jugend gesch\u00fctzt hatte) nun gegen die Vielzahl an Film- und Spielfreunde, die die Werke gerne in ihrer Urform erleben wollen, einfach nicht mehr ankommt.) Und um das gleich geb\u00fchrend zu feiern gibts bei <a href=http:\/\/tpg.dvdtiefpreise.com\/?p=529>DVDTiefpreise.com<\/a> gleich mal den Film <b>Saw<\/b> im Director`s Cut f\u00fcr nur 5,00 Euro \u00fcber die Amazon.de TPG zu bestellen! Viel Spa\u00df mit dem echt gelungenen Abschlussfilm!<\/p>\n","protected":false},"excerpt":{"rendered":"<p>Endlich liefert Amazon.de auch DVDs und Spiele aus, die erst ab 18 Jahren freigegeben sind. Durch die recht strengen deutschen&hellip;<\/p>\n","protected":false},"author":1,"featured_media":0,"comment_status":"open","ping_status":"open","sticky":false,"template":"","format":"standard","meta":{"footnotes":"","_links_to":"","_links_to_target":""},"categories":[14],"tags":[200,1521,1920,4542,5043],"class_list":["post-324","post","type-post","status-publish","format-standard","hentry","category-preisfuchs","tag-amazon-de","tag-erinnern","tag-ganz-europa","tag-siegel","tag-tpg"],"_links":{"self":[{"href":"https:\/\/www.gruen-wald.de\/wordpress\/wp-json\/wp\/v2\/posts\/324"}],"collection":[{"href":"https:\/\/www.gruen-wald.de\/wordpress\/wp-json\/wp\/v2\/posts"}],"about":[{"href":"https:\/\/www.gruen-wald.de\/wordpress\/wp-json\/wp\/v2\/types\/post"}],"author":[{"embeddable":true,"href":"https:\/\/www.gruen-wald.de\/wordpress\/wp-json\/wp\/v2\/users\/1"}],"replies":[{"embeddable":true,"href":"https:\/\/www.gruen-wald.de\/wordpress\/wp-json\/wp\/v2\/comments?post=324"}],"version-history":[{"count":0,"href":"https:\/\/www.gruen-wald.de\/wordpress\/wp-json\/wp\/v2\/posts\/324\/revisions"}],"wp:attachment":[{"href":"https:\/\/www.gruen-wald.de\/wordpress\/wp-json\/wp\/v2\/media?parent=324"}],"wp:term":[{"taxonomy":"category","embeddable":true,"href":"https:\/\/www.gruen-wald.de\/wordpress\/wp-json\/wp\/v2\/categories?post=324"},{"taxonomy":"post_tag","embeddable":true,"href":"https:\/\/www.gruen-wald.de\/wordpress\/wp-json\/wp\/v2\/tags?post=324"}],"curies":[{"name":"wp","href":"https:\/\/api.w.org\/{rel}","templated":true}]}}