{"id":32381,"date":"2016-03-06T23:33:56","date_gmt":"2016-03-06T22:33:56","guid":{"rendered":"http:\/\/blog.coaster.de\/wp\/?p=32381"},"modified":"2016-03-06T23:33:56","modified_gmt":"2016-03-06T22:33:56","slug":"miami-connection-interview-mit-y-k-kim","status":"publish","type":"post","link":"https:\/\/www.gruen-wald.de\/wordpress\/film-kultur\/miami-connection-interview-mit-y-k-kim\/","title":{"rendered":"Miami Connection &#8211; Interview mit Y.K. Kim"},"content":{"rendered":"<p>Am Samstag hab ich mir im Werkstattkino &#8222;Miami Connection&#8220; angeschaut. Details dazu gebe ich sp\u00e4ter nochmal &#8211; f\u00fcr&#8217;s erste reicht vielleicht dieser Wikipedia-Beitrag.<\/p>\n<p>Was f\u00fcr eine verr\u00fcckte Produktion! Ich musste unbedingt nachschauen, ob Produzent und Schauspieler Y.K. Kim noch lebt und bin dabei \u00fcber <a href=\"http:\/\/www.pastemagazine.com\/articles\/2015\/10\/miami-connections-yk-kim-on-terrible-movies-rifftr.html\">dieses Text-Interview<\/a> und dieses Video-Interview gestolpert, das ich spannend fand. Daher hier f\u00fcr alle, die am Samstag dabei waren, mal ein Hinweis daf\u00fcr:<\/p>\n<p style=\"text-align: center;\"><iframe loading=\"lazy\" src=\"https:\/\/www.youtube.com\/embed\/i5_hP24Qr0U?rel=0&amp;showinfo=0\" width=\"560\" height=\"315\" frameborder=\"0\" allowfullscreen=\"allowfullscreen\"><\/iframe><\/p>\n","protected":false},"excerpt":{"rendered":"<p>Am Samstag hab ich mir im Werkstattkino &#8222;Miami Connection&#8220; angeschaut. Details dazu gebe ich sp\u00e4ter nochmal &#8211; f\u00fcr&#8217;s erste reicht&hellip;<\/p>\n","protected":false},"author":1,"featured_media":0,"comment_status":"open","ping_status":"open","sticky":false,"template":"","format":"standard","meta":{"footnotes":"","_links_to":"","_links_to_target":""},"categories":[7],"tags":[],"class_list":["post-32381","post","type-post","status-publish","format-standard","hentry","category-film-kultur"],"_links":{"self":[{"href":"https:\/\/www.gruen-wald.de\/wordpress\/wp-json\/wp\/v2\/posts\/32381","targetHints":{"allow":["GET"]}}],"collection":[{"href":"https:\/\/www.gruen-wald.de\/wordpress\/wp-json\/wp\/v2\/posts"}],"about":[{"href":"https:\/\/www.gruen-wald.de\/wordpress\/wp-json\/wp\/v2\/types\/post"}],"author":[{"embeddable":true,"href":"https:\/\/www.gruen-wald.de\/wordpress\/wp-json\/wp\/v2\/users\/1"}],"replies":[{"embeddable":true,"href":"https:\/\/www.gruen-wald.de\/wordpress\/wp-json\/wp\/v2\/comments?post=32381"}],"version-history":[{"count":0,"href":"https:\/\/www.gruen-wald.de\/wordpress\/wp-json\/wp\/v2\/posts\/32381\/revisions"}],"wp:attachment":[{"href":"https:\/\/www.gruen-wald.de\/wordpress\/wp-json\/wp\/v2\/media?parent=32381"}],"wp:term":[{"taxonomy":"category","embeddable":true,"href":"https:\/\/www.gruen-wald.de\/wordpress\/wp-json\/wp\/v2\/categories?post=32381"},{"taxonomy":"post_tag","embeddable":true,"href":"https:\/\/www.gruen-wald.de\/wordpress\/wp-json\/wp\/v2\/tags?post=32381"}],"curies":[{"name":"wp","href":"https:\/\/api.w.org\/{rel}","templated":true}]}}