{"id":32368,"date":"2016-03-02T22:33:55","date_gmt":"2016-03-02T21:33:55","guid":{"rendered":"http:\/\/blog.coaster.de\/wp\/?p=32368"},"modified":"2016-03-02T22:33:55","modified_gmt":"2016-03-02T21:33:55","slug":"skyline-park-plant-hoechste-achterbahn-der-welt","status":"publish","type":"post","link":"https:\/\/www.gruen-wald.de\/wordpress\/erlebniswelten\/skyline-park-plant-hoechste-achterbahn-der-welt\/","title":{"rendered":"Skyline Park plant h\u00f6chste Achterbahn der Welt&#8230;"},"content":{"rendered":"<p>&#8230; das berichtet <a href=\"http:\/\/www.parkerlebnis.de\/skyline-park-plaene-hoch-hinaus_20418.html\">u.a. Parkerlebnis.de<\/a>.<\/p>\n<p>Scheinbar will man mit dem kommenden SkyDragster (<a href=\"http:\/\/www.skylinepark.de\/adrenalin-pur\/sky-dragster_30740\">Infos hier<\/a>) bei erfolgreichem Vorabtest des Prototypen in 2016 weiter mit der Maurer AG und BTS zusammenarbeiten und das Antriebssystem gleich mal f\u00fcr die h\u00f6chste Achterbahn der Welt verwenden. Denn beim Skyline Park ist die erlaubte Bauh\u00f6he bei 150 Meter festgelegt &#8211; eine Option, die Parkchef Joachim L\u00f6wenthal scheinbar gern ausreizen m\u00f6chte. Also bleibt es erst Mal spannend, was sich Maurer, BTS und Skyline Park da ab 2017 m\u00f6glicherweise bei Bad W\u00f6rishofen g\u00f6nnen\u00a0werden&#8230; \ud83d\ude42<\/p>\n","protected":false},"excerpt":{"rendered":"<p>&#8230; das berichtet u.a. Parkerlebnis.de. Scheinbar will man mit dem kommenden SkyDragster (Infos hier) bei erfolgreichem Vorabtest des Prototypen in&hellip;<\/p>\n","protected":false},"author":1,"featured_media":0,"comment_status":"open","ping_status":"open","sticky":false,"template":"","format":"standard","meta":{"footnotes":"","_links_to":"","_links_to_target":""},"categories":[5],"tags":[],"class_list":["post-32368","post","type-post","status-publish","format-standard","hentry","category-erlebniswelten"],"_links":{"self":[{"href":"https:\/\/www.gruen-wald.de\/wordpress\/wp-json\/wp\/v2\/posts\/32368","targetHints":{"allow":["GET"]}}],"collection":[{"href":"https:\/\/www.gruen-wald.de\/wordpress\/wp-json\/wp\/v2\/posts"}],"about":[{"href":"https:\/\/www.gruen-wald.de\/wordpress\/wp-json\/wp\/v2\/types\/post"}],"author":[{"embeddable":true,"href":"https:\/\/www.gruen-wald.de\/wordpress\/wp-json\/wp\/v2\/users\/1"}],"replies":[{"embeddable":true,"href":"https:\/\/www.gruen-wald.de\/wordpress\/wp-json\/wp\/v2\/comments?post=32368"}],"version-history":[{"count":0,"href":"https:\/\/www.gruen-wald.de\/wordpress\/wp-json\/wp\/v2\/posts\/32368\/revisions"}],"wp:attachment":[{"href":"https:\/\/www.gruen-wald.de\/wordpress\/wp-json\/wp\/v2\/media?parent=32368"}],"wp:term":[{"taxonomy":"category","embeddable":true,"href":"https:\/\/www.gruen-wald.de\/wordpress\/wp-json\/wp\/v2\/categories?post=32368"},{"taxonomy":"post_tag","embeddable":true,"href":"https:\/\/www.gruen-wald.de\/wordpress\/wp-json\/wp\/v2\/tags?post=32368"}],"curies":[{"name":"wp","href":"https:\/\/api.w.org\/{rel}","templated":true}]}}