{"id":319,"date":"2006-06-22T00:00:00","date_gmt":"2006-06-21T23:00:00","guid":{"rendered":"http:\/\/www.coaster.de\/wp\/?p=319"},"modified":"2006-06-22T00:00:00","modified_gmt":"2006-06-21T23:00:00","slug":"das-eva-prinzip-kommt-nicht-gut-an","status":"publish","type":"post","link":"https:\/\/www.gruen-wald.de\/wordpress\/medien\/das-eva-prinzip-kommt-nicht-gut-an\/","title":{"rendered":"Das Eva-Prinzip kommt nicht gut an&#8230;"},"content":{"rendered":"<p>Oh Mann &#8211; da gibt es endlich mal eine Frau, die begriffen hat, wie der Hase l\u00e4uft (oder es zumindest offen zu gibt) und was passiert: <i>Mehrere Nachrichtensprecher und -sprecherinnen der ARD fielen in den vergangenen Tagen und Jahren auch au\u00dferhalb ihres eigentlichen Bet\u00e4tigungsfeldes auf: Ob Susan Stahnkes Fotos in Strapsen und ihre ziemlich erfolglose Hollywood-Karriere, Jens Riewas \u00c4u\u00dferungen \u00fcber S\u00e4ngerin Michelle, die eine &#8218;Granate im Bett&#8216; sei, oder zuletzt Eva Hermans Buch &#8218;Das Eva-Prinzip&#8216;, das mit Thesen wie &#8218;Frauen sollen etwas lernen &#8211; aber nur in Ma\u00dfen&#8216; nicht nur Feministinnen vor den Kopf stie\u00df. <...> So habe beispielsweise Eva Herman inzwischen f\u00fcr mehr als jeden Vierten ihre Glaubw\u00fcrdigkeit und ihr positives Image inzwischen eingeb\u00fc\u00dft. Vor dem Hype um ihr Buch &#8218;Das Eva-Prinzip&#8216; bekam sie von den Deutschen hingegen noch gute Noten. Jetzt sei ihr positives Image jedoch &#8217;signifikant in Schieflage geraten&#8216;, so das Ergebnis der Umfrage, die von Emnid bei 14- bis 65-J\u00e4hrigen durchgef\u00fchrt wurde.<\/i> (<a href=http:\/\/dwdl.de\/article\/news_7811,00.html>Zum ganzen Artikel &#8230;.<\/a>) Also ich find es ja ne absolute Frechheit, wenn so Leute wie Eva Herman wegen solchen Aussagen diffamiert weden. F\u00fcr mich zeigt das wieder mal, was Frauenemanziptation ist (und immer schon war): N\u00e4mlich schlicht pure <b>Diskriminierung<\/b> all derer, die anders denken. Dass es heute als Frau scheinbar schon gesellschaftlich notwendig ist, eine Feministin zu sein (oder zumindest deren Prinzipien zu vertreten) um \u00fcberhaupt anerkannt zu werden ist ein Drama! Hochachtung von mir an alle Frauen, die bereit sind, gegen den Strom zu schwimmen und denen es pupsegal ist, wenn sie von anderen Frauen schikaniert werden, nur weil sie sich f\u00fcr den (oftmals viel anstrengenderen und bei weitem mehr zu honorierenden) Hausfrauenberuf entschieden haben &#8211; weil sie sich da einfach wohler f\u00fchlen. Ich werde jedenfalls nicht m\u00fcde werden, gegen diesen Feministenschei\u00df anzuk\u00e4mpfen. Nicht f\u00fcr mich (denn mir ist es eigentlich ziemlich egal, wo und wie sich die Frauen gegenseitig unter Erfolgsdruck setzen) &#8211; sondern f\u00fcr die Freiheit der Frauen.<\/p>\n","protected":false},"excerpt":{"rendered":"<p>Oh Mann &#8211; da gibt es endlich mal eine Frau, die begriffen hat, wie der Hase l\u00e4uft (oder es zumindest&hellip;<\/p>\n","protected":false},"author":1,"featured_media":0,"comment_status":"open","ping_status":"open","sticky":false,"template":"","format":"standard","meta":{"footnotes":"","_links_to":"","_links_to_target":""},"categories":[12],"tags":[25,1190,1560,4302,5406],"class_list":["post-319","post","type-post","status-publish","format-standard","hentry","category-medien","tag-14-bis","tag-derer","tag-eva-prinzip","tag-sangerin-michelle","tag-weden"],"_links":{"self":[{"href":"https:\/\/www.gruen-wald.de\/wordpress\/wp-json\/wp\/v2\/posts\/319","targetHints":{"allow":["GET"]}}],"collection":[{"href":"https:\/\/www.gruen-wald.de\/wordpress\/wp-json\/wp\/v2\/posts"}],"about":[{"href":"https:\/\/www.gruen-wald.de\/wordpress\/wp-json\/wp\/v2\/types\/post"}],"author":[{"embeddable":true,"href":"https:\/\/www.gruen-wald.de\/wordpress\/wp-json\/wp\/v2\/users\/1"}],"replies":[{"embeddable":true,"href":"https:\/\/www.gruen-wald.de\/wordpress\/wp-json\/wp\/v2\/comments?post=319"}],"version-history":[{"count":0,"href":"https:\/\/www.gruen-wald.de\/wordpress\/wp-json\/wp\/v2\/posts\/319\/revisions"}],"wp:attachment":[{"href":"https:\/\/www.gruen-wald.de\/wordpress\/wp-json\/wp\/v2\/media?parent=319"}],"wp:term":[{"taxonomy":"category","embeddable":true,"href":"https:\/\/www.gruen-wald.de\/wordpress\/wp-json\/wp\/v2\/categories?post=319"},{"taxonomy":"post_tag","embeddable":true,"href":"https:\/\/www.gruen-wald.de\/wordpress\/wp-json\/wp\/v2\/tags?post=319"}],"curies":[{"name":"wp","href":"https:\/\/api.w.org\/{rel}","templated":true}]}}