{"id":31816,"date":"2015-10-22T22:36:38","date_gmt":"2015-10-22T20:36:38","guid":{"rendered":"http:\/\/blog.coaster.de\/wp\/?p=31816"},"modified":"2015-10-22T22:36:38","modified_gmt":"2015-10-22T20:36:38","slug":"dudelei-am-donnerstag-3","status":"publish","type":"post","link":"https:\/\/www.gruen-wald.de\/wordpress\/internet-co\/dudelei-am-donnerstag-3\/","title":{"rendered":"Dudelei am Donnerstag (3)"},"content":{"rendered":"<p><img loading=\"lazy\" decoding=\"async\" class=\"alignleft\" src=\"http:\/\/blog.coaster.de\/wp\/wp-content\/uploads\/2015\/10\/phonograph.png\" alt=\"\" width=\"160\" height=\"142\" \/>Mit einiger Verz\u00f6gerung geht es nun mit der Dudelei am Donnerstag weiter. Diesmal heimatklanglich mit Hubert von Goisern und &#8222;Strassn&#8220;.<\/p>\n<p>Ein Lied \u00fcber das Rausgehen, um zur\u00fcck zu sich selbst zu finden. \u00dcber die Gegens\u00e4tzlichkeit und Rastlosigkeit der Reise.\u00a0\u00dcber die melancholische Paradoxie des Wanderns &#8211; im ober\u00f6sterreichischem Dialekt.<\/p>\n<p style=\"text-align: center;\"><iframe loading=\"lazy\" src=\"https:\/\/www.youtube.com\/embed\/0HlVAskA62A\" width=\"420\" height=\"315\" frameborder=\"0\" allowfullscreen=\"allowfullscreen\"><\/iframe><\/p>\n","protected":false},"excerpt":{"rendered":"<p>Mit einiger Verz\u00f6gerung geht es nun mit der Dudelei am Donnerstag weiter. Diesmal heimatklanglich mit Hubert von Goisern und &#8222;Strassn&#8220;.&hellip;<\/p>\n","protected":false},"author":1,"featured_media":0,"comment_status":"open","ping_status":"open","sticky":false,"template":"","format":"standard","meta":{"footnotes":"","_links_to":"","_links_to_target":""},"categories":[11],"tags":[],"class_list":["post-31816","post","type-post","status-publish","format-standard","hentry","category-internet-co"],"_links":{"self":[{"href":"https:\/\/www.gruen-wald.de\/wordpress\/wp-json\/wp\/v2\/posts\/31816","targetHints":{"allow":["GET"]}}],"collection":[{"href":"https:\/\/www.gruen-wald.de\/wordpress\/wp-json\/wp\/v2\/posts"}],"about":[{"href":"https:\/\/www.gruen-wald.de\/wordpress\/wp-json\/wp\/v2\/types\/post"}],"author":[{"embeddable":true,"href":"https:\/\/www.gruen-wald.de\/wordpress\/wp-json\/wp\/v2\/users\/1"}],"replies":[{"embeddable":true,"href":"https:\/\/www.gruen-wald.de\/wordpress\/wp-json\/wp\/v2\/comments?post=31816"}],"version-history":[{"count":0,"href":"https:\/\/www.gruen-wald.de\/wordpress\/wp-json\/wp\/v2\/posts\/31816\/revisions"}],"wp:attachment":[{"href":"https:\/\/www.gruen-wald.de\/wordpress\/wp-json\/wp\/v2\/media?parent=31816"}],"wp:term":[{"taxonomy":"category","embeddable":true,"href":"https:\/\/www.gruen-wald.de\/wordpress\/wp-json\/wp\/v2\/categories?post=31816"},{"taxonomy":"post_tag","embeddable":true,"href":"https:\/\/www.gruen-wald.de\/wordpress\/wp-json\/wp\/v2\/tags?post=31816"}],"curies":[{"name":"wp","href":"https:\/\/api.w.org\/{rel}","templated":true}]}}