{"id":31805,"date":"2015-10-19T22:22:00","date_gmt":"2015-10-19T20:22:00","guid":{"rendered":"http:\/\/blog.coaster.de\/wp\/?p=31805"},"modified":"2015-10-19T22:22:00","modified_gmt":"2015-10-19T20:22:00","slug":"fluechtlinge-in-games-coast-guard-erscheint-am-mittwoch","status":"publish","type":"post","link":"https:\/\/www.gruen-wald.de\/wordpress\/games\/fluechtlinge-in-games-coast-guard-erscheint-am-mittwoch\/","title":{"rendered":"Fl\u00fcchtlinge in Games: Coast Guard erscheint am Mittwoch"},"content":{"rendered":"<p><img loading=\"lazy\" decoding=\"async\" class=\"alignright\" src=\"http:\/\/blog.coaster.de\/wp\/wp-content\/uploads\/2015\/10\/4ac292faed6bce2701cb0bf1d2eb4f3b.jpg\" alt=\"\" width=\"225\" height=\"317\" \/>Seit der letzten Welle sind Fl\u00fcchtlinge ein so gro\u00dfes Politikum wie selten zuvor. Die Krise hat ganz Europa ergriffen.<\/p>\n<p>Passend dazu erscheint am Mittwoch die Adventure-Simulation &#8222;<strong>Coast Guard<\/strong>&#8222;, welches die Fl\u00fcchtlingsproblematik aus Sicht eines K\u00fcstenw\u00e4chters aufgreift und an Hand eines (fiktiven) Fallbeispiels illustriert. Und bei dem ich zuf\u00e4llig Kreativdirektor, Autor, Musikmensch und sonstiges M\u00e4dchen f\u00fcr Alles war. \ud83d\ude09 Das Spiel beinhaltet sowohl Schiffssimulation als auch Adventurepassagen. Es gibt Verfolgungsjagden, Verh\u00f6re, Explosionen, Rettungseins\u00e4tze, Kombinationsr\u00e4tsel, Explorationssequenzen, Kletterpassagen, interaktiven Funkverkehr, Sprachausgabe, fantastische Wassersimulation und und und&#8230; Am wichtigsten aber ist es, dass es den Hauptcharakter in den Mittelpunkt moralischer Konflikte rund um die Fl\u00fcchtlingsfrage wirft. So wie ganz Europa heute. Das Spiel ist insofern tagesaktueller als je zuvor.<\/p>\n<p>Das Thema ist nat\u00fcrlich auch generell ein hei\u00dfes Eisen und somit erscheint es nicht unter dem Label eines Publishers sondern ausschlie\u00dflich unter dem Namen unseres Entwicklers Reality Twist. Viel Marketing ist daher leider nicht m\u00f6glich &#8211; umso wichtiger ist daher f\u00fcr den Titel Euer &#8222;word-to-mouth&#8220;! Es ist ein wichtiges Thema und andere Entwickler haben sich bislang nicht wirklich getraut, es zu behandeln &#8211; noch dazu mit einer auch mal politisch unbequemen Botschaft.<\/p>\n<p><strong>Shared daher gerne bis Mittwoch den Link zum Titel &#8211; z.B. bei <a href=\"http:\/\/www.amazon.de\/exec\/obidos\/ASIN\/B00Y2933P4\/coaster09\">Amazon.de<\/a> oder <a href=\"http:\/\/store.steampowered.com\/app\/361200\/?l=german\">Steam<\/a>! <\/strong>Das w\u00fcrde mich freuen.<\/p>\n<p>(Der Trailer bei Steam gef\u00e4llt mir so rein gar nicht. Ein neuerer wird hoffentlich noch kommen. Bis dahin leake ich hier einfach mal einen privaten Zusammenschnitt von mir. Der zeigt nicht den endg\u00fcltigen Stand, aber gibt vielleicht trotzdem einen kleinen Eindruck des Spiels):<\/p>\n<p style=\"text-align: center;\"><iframe loading=\"lazy\" src=\"https:\/\/www.youtube.com\/embed\/Dslolz4VVVM?rel=0&amp;showinfo=0\" width=\"560\" height=\"315\" frameborder=\"0\" allowfullscreen=\"allowfullscreen\"><\/iframe><\/p>\n<p>Wer den Release feiern will kann das \u00fcbrigens morgen am Dienstag ab 19 Uhr auf dem Kultfabrik-Gel\u00e4nde in der Halle von GameDeck tun! Alle Freunde des Spiels sind eingeladen. Hier <a href=\"https:\/\/www.facebook.com\/events\/903852649651739\/\">die Details<\/a>. \ud83d\ude42<\/p>\n","protected":false},"excerpt":{"rendered":"<p>Seit der letzten Welle sind Fl\u00fcchtlinge ein so gro\u00dfes Politikum wie selten zuvor. Die Krise hat ganz Europa ergriffen. Passend&hellip;<\/p>\n","protected":false},"author":1,"featured_media":0,"comment_status":"open","ping_status":"open","sticky":false,"template":"","format":"standard","meta":{"footnotes":"","_links_to":"","_links_to_target":""},"categories":[9],"tags":[],"class_list":["post-31805","post","type-post","status-publish","format-standard","hentry","category-games"],"_links":{"self":[{"href":"https:\/\/www.gruen-wald.de\/wordpress\/wp-json\/wp\/v2\/posts\/31805","targetHints":{"allow":["GET"]}}],"collection":[{"href":"https:\/\/www.gruen-wald.de\/wordpress\/wp-json\/wp\/v2\/posts"}],"about":[{"href":"https:\/\/www.gruen-wald.de\/wordpress\/wp-json\/wp\/v2\/types\/post"}],"author":[{"embeddable":true,"href":"https:\/\/www.gruen-wald.de\/wordpress\/wp-json\/wp\/v2\/users\/1"}],"replies":[{"embeddable":true,"href":"https:\/\/www.gruen-wald.de\/wordpress\/wp-json\/wp\/v2\/comments?post=31805"}],"version-history":[{"count":0,"href":"https:\/\/www.gruen-wald.de\/wordpress\/wp-json\/wp\/v2\/posts\/31805\/revisions"}],"wp:attachment":[{"href":"https:\/\/www.gruen-wald.de\/wordpress\/wp-json\/wp\/v2\/media?parent=31805"}],"wp:term":[{"taxonomy":"category","embeddable":true,"href":"https:\/\/www.gruen-wald.de\/wordpress\/wp-json\/wp\/v2\/categories?post=31805"},{"taxonomy":"post_tag","embeddable":true,"href":"https:\/\/www.gruen-wald.de\/wordpress\/wp-json\/wp\/v2\/tags?post=31805"}],"curies":[{"name":"wp","href":"https:\/\/api.w.org\/{rel}","templated":true}]}}