{"id":31797,"date":"2015-10-16T20:29:26","date_gmt":"2015-10-16T18:29:26","guid":{"rendered":"http:\/\/blog.coaster.de\/wp\/?p=31797"},"modified":"2015-10-16T20:29:26","modified_gmt":"2015-10-16T18:29:26","slug":"ismanninger-speichersee","status":"publish","type":"post","link":"https:\/\/www.gruen-wald.de\/wordpress\/notiz\/ismanninger-speichersee\/","title":{"rendered":"Ismanninger Speichersee"},"content":{"rendered":"<p>Der Speichersee am Isarkanal nord\u00f6stlich von M\u00fcnchen ist gr\u00f6\u00dfer als man so denkt. Der 5,8 km\u00b2 gro\u00dfe See mit einer L\u00e4nge von 7 Kilometern ist zudem ein Vogelschutzgebiet. Wenn die BMW Teststrecke nicht gerade das Nordufer gesperrt hat (wie bei mir letztens) kann man auch mit dem Rad darum eine Runde drehen und die Weitsicht genie\u00dfen, wo man von M\u00fcnchen kaum mehr was erahnt.<\/p>\n<p><a href=\"http:\/\/blog.coaster.de\/wp\/wp-content\/uploads\/2015\/10\/speichersee.jpg\"><img loading=\"lazy\" decoding=\"async\" class=\"aligncenter size-full wp-image-31798\" src=\"http:\/\/blog.coaster.de\/wp\/wp-content\/uploads\/2015\/10\/speichersee.jpg\" alt=\"Speichersee\" width=\"560\" height=\"315\" srcset=\"https:\/\/www.gruen-wald.de\/wordpress\/wp-content\/uploads\/2015\/10\/speichersee.jpg 560w, https:\/\/www.gruen-wald.de\/wordpress\/wp-content\/uploads\/2015\/10\/speichersee-300x169.jpg 300w\" sizes=\"auto, (max-width: 560px) 100vw, 560px\" \/><\/a><\/p>\n<p>Weitere sch\u00f6ne Bilder gibt es bei <a href=\"https:\/\/de.wikipedia.org\/wiki\/Ismaninger_Speichersee\">Wikipedia<\/a>.<\/p>\n","protected":false},"excerpt":{"rendered":"<p>Der Speichersee am Isarkanal nord\u00f6stlich von M\u00fcnchen ist gr\u00f6\u00dfer als man so denkt. Der 5,8 km\u00b2 gro\u00dfe See mit einer&hellip;<\/p>\n","protected":false},"author":1,"featured_media":0,"comment_status":"open","ping_status":"open","sticky":false,"template":"","format":"standard","meta":{"footnotes":"","_links_to":"","_links_to_target":""},"categories":[13],"tags":[],"class_list":["post-31797","post","type-post","status-publish","format-standard","hentry","category-notiz"],"_links":{"self":[{"href":"https:\/\/www.gruen-wald.de\/wordpress\/wp-json\/wp\/v2\/posts\/31797","targetHints":{"allow":["GET"]}}],"collection":[{"href":"https:\/\/www.gruen-wald.de\/wordpress\/wp-json\/wp\/v2\/posts"}],"about":[{"href":"https:\/\/www.gruen-wald.de\/wordpress\/wp-json\/wp\/v2\/types\/post"}],"author":[{"embeddable":true,"href":"https:\/\/www.gruen-wald.de\/wordpress\/wp-json\/wp\/v2\/users\/1"}],"replies":[{"embeddable":true,"href":"https:\/\/www.gruen-wald.de\/wordpress\/wp-json\/wp\/v2\/comments?post=31797"}],"version-history":[{"count":0,"href":"https:\/\/www.gruen-wald.de\/wordpress\/wp-json\/wp\/v2\/posts\/31797\/revisions"}],"wp:attachment":[{"href":"https:\/\/www.gruen-wald.de\/wordpress\/wp-json\/wp\/v2\/media?parent=31797"}],"wp:term":[{"taxonomy":"category","embeddable":true,"href":"https:\/\/www.gruen-wald.de\/wordpress\/wp-json\/wp\/v2\/categories?post=31797"},{"taxonomy":"post_tag","embeddable":true,"href":"https:\/\/www.gruen-wald.de\/wordpress\/wp-json\/wp\/v2\/tags?post=31797"}],"curies":[{"name":"wp","href":"https:\/\/api.w.org\/{rel}","templated":true}]}}